{"id":112760,"date":"2021-03-08T16:32:35","date_gmt":"2021-03-08T21:32:35","guid":{"rendered":"https:\/\/linitiative.ca\/International\/8-mars-batir-un-entrepreneuriat-feminin-resilient\/"},"modified":"2021-03-08T16:32:35","modified_gmt":"2021-03-08T21:32:35","slug":"8-mars-batir-un-entrepreneuriat-feminin-resilient","status":"publish","type":"post","link":"https:\/\/linitiative.ca\/International\/8-mars-batir-un-entrepreneuriat-feminin-resilient\/","title":{"rendered":"8-Mars : b\u00e2tir un entrepreneuriat f\u00e9minin r\u00e9silient"},"content":{"rendered":"<div class=\"td-post-featured-image\"><a href=\"https:\/\/www.sidwaya.info\/wp-content\/uploads\/2021\/03\/1-11.jpg\" data-caption=\"\"><img loading=\"lazy\" decoding=\"async\" width=\"595\" height=\"397\" class=\"entry-thumb td-modal-image\" src=\"https:\/\/www.sidwaya.info\/wp-content\/uploads\/2021\/03\/1-11.jpg\" srcset=\"https:\/\/www.sidwaya.info\/wp-content\/uploads\/2021\/03\/1-11.jpg 595w, https:\/\/www.sidwaya.info\/wp-content\/uploads\/2021\/03\/1-11-300x200.jpg 300w, https:\/\/www.sidwaya.info\/wp-content\/uploads\/2021\/03\/1-11-150x100.jpg 150w\" sizes=\"auto, (max-width: 595px) 100vw, 595px\" alt=\"\" title=\"1\"\/><\/a><\/div>\n<p><strong>A l\u2019occasion du 8-Mars, le minist\u00e8re en charge de la femme a organis\u00e9, le samedi 6 mars 2021 \u00e0 Ouagadougou, un panel sous le th\u00e8me : \u00ab Inclusion financi\u00e8re par le num\u00e9rique pour un d\u00e9veloppement \u00e9conomique de la femme : d\u00e9fis et perspectives \u00bb. L\u2019\u00e9v\u00e9nement a \u00e9t\u00e9 plac\u00e9 sous le haut patronage de Sika Kabor\u00e9, l\u2019\u00e9pouse du chef de l\u2019Etat.<\/strong><\/p>\n<p>Le gouvernement burkinab\u00e8, \u00e0 travers le minist\u00e8re de la Femme, de la Solidarit\u00e9 nationale, de la Famille et de l\u2019Action humanitaire, entend voir \u00e9merger un entrepreneuriat f\u00e9minin plus comp\u00e9titif et plus r\u00e9silient en orientant les femmes vers les services financiers num\u00e9riques. A l\u2019occasion de la Journ\u00e9e internationale de la femme (JIF), le minist\u00e8re en charge de la femme a organis\u00e9, le samedi 6 mars 2021 \u00e0 Ouagadougou, un panel sous le th\u00e8me : \u00abInclusion financi\u00e8re par le num\u00e9rique pour un d\u00e9veloppement \u00e9conomique de la femme : d\u00e9fis et perspectives \u00bb.<\/p>\n<p>La ministre Laurence Marie Ilboudo a indiqu\u00e9, d\u2019entr\u00e9e de jeu, que l\u2019objectif est de mener la r\u00e9flexion sur des th\u00e9matiques d\u2019int\u00e9r\u00eat en faveur de l\u2019\u00e9panouissement et de la participation effective de la femme au processus de d\u00e9veloppement au pays des Hommes int\u00e8gres. Le th\u00e8me de la rencontre vise, a-t-elle expliqu\u00e9, \u00e0 attirer davantage l\u2019attention sur l\u2019acc\u00e8s limit\u00e9 des femmes aux services financiers. Pour elle, ce panel entre en droite ligne avec les objectifs fix\u00e9s cette ann\u00e9e, par les Nations unies (NU). En effet, dans le but de c\u00e9l\u00e9brer les incroyables efforts d\u00e9ploy\u00e9s par les femmes et les filles du monde entier pour fa\u00e7onner un futur et une relance plus \u00e9galitaires \u00e0 la suite de la pand\u00e9mie, les Nations unies (NU), a soulign\u00e9 la ministre de la Femme, ont invit\u00e9 le Burkina Faso \u00e0 mener la r\u00e9flexion autour du th\u00e8me : \u00ab Leadership f\u00e9minin : pour un futur \u00e9galitaire dans le monde de la COVID-19 \u00bb. Pour introduire les d\u00e9bats, deux communications en rapport avec le th\u00e8me, ont \u00e9t\u00e9 livr\u00e9es aux femmes venues des 45 provinces du Burkina Faso.<\/p>\n<p>La premi\u00e8re a port\u00e9 sur le e-commerce pour booster les activit\u00e9s \u00e9conomiques des femmes dans un contexte de d\u00e9fis s\u00e9curitaires et sanitaires et la seconde sur l\u2019inclusion financi\u00e8re des femmes \u00e0 travers le num\u00e9rique : quelles strat\u00e9gies pour une meilleure appropriation des services financiers digitaux ? L\u2019objectif g\u00e9n\u00e9ral de ces communications, a soutenu Mme Ilboudo, est de promouvoir aupr\u00e8s des femmes, l\u2019utilisation des services financiers num\u00e9riques et de leur permettre de mieux conna\u00eetre les services financiers num\u00e9riques disponibles et leurs avantages. Il s\u2019agit, a-t-elle pr\u00e9cis\u00e9, de les encourager \u00e0 utiliser les services financiers num\u00e9riques dans leurs transactions courantes et de leur pr\u00e9senter les possibilit\u00e9s et les avantages du e-commerce dans un contexte de d\u00e9fis s\u00e9curitaires. \u00abNos r\u00e9flexions et nos \u00e9changes ont permis d\u2019orienter les femmes vers les services financiers num\u00e9riques.<\/p>\n<p>Car, ces produits ont un potentiel \u00e9norme en termes de d\u00e9veloppement. Notre ambition est d\u2019aboutir \u00e0 une recommandation \u00e0 l\u2019endroit du gouvernement afin qu\u2019il invite les fournisseurs de services financiers \u00e0 d\u00e9velopper des produits plus adapt\u00e9s aux besoins des femmes \u00bb, a-t-elle d\u00e9clar\u00e9. Le panel \u00e9tait plac\u00e9 sous le haut patronage de l\u2019\u00e9pouse du chef de l\u2019Etat, Sika Kabor\u00e9. Selon elle, le gouvernement est engag\u00e9 \u00e0 autonomiser la femme burkinab\u00e8 par des activit\u00e9s g\u00e9n\u00e9ratrices de revenus. A son avis, ce panel vient manifester tout l\u2019engagement des plus hautes autorit\u00e9s \u00e0 aider les femmes dans leurs actions de d\u00e9veloppement du pays des Hommes int\u00e8gres.<\/p>\n<p class=\"c1\"><strong>W. Aubin NANA<\/strong><br \/><strong>Lati Fatou TARBANGDO<\/strong><br \/><strong>(Stagiaire)<\/strong><\/p>\n<div class=\"td-a-rec td-a-rec-id-content_bottom tdi_33_eae td_block_template_1\">\n<p><img loading=\"lazy\" decoding=\"async\" class=\"aligncenter size-full wp-image-27454\" src=\"https:\/\/www.sidwaya.info\/wp-content\/uploads\/2020\/10\/PUB-Bandeau-paiement-mobile-siteweb.jpg\" alt=\"\" width=\"728\" height=\"90\"\/><\/div>\n<p>Auteur: BM. Sidwaya<br \/>\n<a href=\"https:\/\/www.sidwaya.info\/blog\/2021\/03\/08\/8-mars-batir-un-entrepreneuriat-feminin-resilient\/\">Cliquez ici pour lire l&rsquo;article depuis sa source.<\/a><\/p>\n","protected":false},"excerpt":{"rendered":"<p>A l\u2019occasion du 8-Mars, le minist\u00e8re en charge de la femme a organis\u00e9, le samedi 6 mars 2021 \u00e0 Ouagadougou, un panel sous le th\u00e8me : \u00ab Inclusion financi\u00e8re par le num\u00e9rique pour un d\u00e9veloppement \u00e9conomique de la femme : d\u00e9fis et perspectives \u00bb. L\u2019\u00e9v\u00e9nement a \u00e9t\u00e9 plac\u00e9 sous le haut patronage de Sika Kabor\u00e9, [&hellip;]<\/p>\n","protected":false},"author":1816,"featured_media":0,"comment_status":"closed","ping_status":"closed","sticky":false,"template":"","format":"standard","meta":{"fifu_image_url":"https:\/\/www.sidwaya.info\/wp-content\/uploads\/2021\/03\/1-11.jpg","fifu_image_alt":"8-Mars : b\u00e2tir un entrepreneuriat f\u00e9minin r\u00e9silient","footnotes":""},"categories":[73,81],"tags":[],"class_list":["post-112760","post","type-post","status-publish","format-standard","hentry","category-actualite","category-burkina-faso"],"_links":{"self":[{"href":"https:\/\/linitiative.ca\/International\/wp-json\/wp\/v2\/posts\/112760","targetHints":{"allow":["GET"]}}],"collection":[{"href":"https:\/\/linitiative.ca\/International\/wp-json\/wp\/v2\/posts"}],"about":[{"href":"https:\/\/linitiative.ca\/International\/wp-json\/wp\/v2\/types\/post"}],"author":[{"embeddable":true,"href":"https:\/\/linitiative.ca\/International\/wp-json\/wp\/v2\/users\/1816"}],"replies":[{"embeddable":true,"href":"https:\/\/linitiative.ca\/International\/wp-json\/wp\/v2\/comments?post=112760"}],"version-history":[{"count":0,"href":"https:\/\/linitiative.ca\/International\/wp-json\/wp\/v2\/posts\/112760\/revisions"}],"wp:attachment":[{"href":"https:\/\/linitiative.ca\/International\/wp-json\/wp\/v2\/media?parent=112760"}],"wp:term":[{"taxonomy":"category","embeddable":true,"href":"https:\/\/linitiative.ca\/International\/wp-json\/wp\/v2\/categories?post=112760"},{"taxonomy":"post_tag","embeddable":true,"href":"https:\/\/linitiative.ca\/International\/wp-json\/wp\/v2\/tags?post=112760"}],"curies":[{"name":"wp","href":"https:\/\/api.w.org\/{rel}","templated":true}]}}