{"id":112761,"date":"2021-03-08T16:38:46","date_gmt":"2021-03-08T21:38:46","guid":{"rendered":"https:\/\/linitiative.ca\/International\/commemoration-du-8-mars-des-reflexions-pour-linclusion-financiere-des-femmes\/"},"modified":"2021-03-08T16:38:46","modified_gmt":"2021-03-08T21:38:46","slug":"commemoration-du-8-mars-des-reflexions-pour-linclusion-financiere-des-femmes","status":"publish","type":"post","link":"https:\/\/linitiative.ca\/International\/commemoration-du-8-mars-des-reflexions-pour-linclusion-financiere-des-femmes\/","title":{"rendered":"Comm\u00e9moration du 8-Mars  : des r\u00e9flexions pour l\u2019inclusion financi\u00e8re des femmes"},"content":{"rendered":"<div class=\"td-post-featured-image\"><a href=\"https:\/\/www.sidwaya.info\/wp-content\/uploads\/2021\/03\/1-12.jpg\" data-caption=\"\"><img loading=\"lazy\" decoding=\"async\" width=\"595\" height=\"397\" class=\"entry-thumb td-modal-image\" src=\"https:\/\/www.sidwaya.info\/wp-content\/uploads\/2021\/03\/1-12.jpg\" srcset=\"https:\/\/www.sidwaya.info\/wp-content\/uploads\/2021\/03\/1-12.jpg 595w, https:\/\/www.sidwaya.info\/wp-content\/uploads\/2021\/03\/1-12-300x200.jpg 300w, https:\/\/www.sidwaya.info\/wp-content\/uploads\/2021\/03\/1-12-150x100.jpg 150w\" sizes=\"auto, (max-width: 595px) 100vw, 595px\" alt=\"\" title=\"1\"\/><\/a><\/div>\n<p><strong>A l\u2019instar des femmes du monde, celles du Burkina Faso ont comm\u00e9mor\u00e9, le lundi 8-Mars 2021 \u00e0 Ouagadougou, la 164e journ\u00e9e internationale de la Femme.<\/strong><\/p>\n<p>C\u2019est loin du traditionnel d\u00e9fil\u00e9 et autres r\u00e9jouissances populaires (COVID-19 et ins\u00e9curit\u00e9 obligent) que les femmes du Burkina Faso ont comm\u00e9mor\u00e9 dans la sobri\u00e9t\u00e9, la 164e journ\u00e9e internationale de la Femme. C\u00e9l\u00e9br\u00e9 sur le plan international sous le th\u00e8me : \u00ab Leadership f\u00e9minin : pour un futur \u00e9galitaire dans le monde de la COVID-19 \u00bb, le 8-Mars 2021 met en exergue les nombreux efforts d\u00e9ploy\u00e9s par les femmes pour fa\u00e7onner le futur et assurer une relance \u00e9conomique plus \u00e9galitaire. Au pays des Hommes int\u00e8gres, c\u2019est sous le th\u00e8me : \u00abInclusion financi\u00e8re par le num\u00e9rique pour un d\u00e9veloppement \u00e9conomique de la femme : d\u00e9fis et perspectives \u00bb que la journ\u00e9e a \u00e9t\u00e9 c\u00e9l\u00e9br\u00e9e. Selon la ministre de la Femme, de la Solidarit\u00e9 nationale, de la Famille et de l\u2019Action humanitaire, Laurence Ilboudo, le choix de ce th\u00e8me n\u2019est pas fortuit, car les femmes sont en premi\u00e8re ligne dans les activit\u00e9s \u00e9conomiques.<\/p>\n<p>Malheureusement, a-t-elle d\u00e9plor\u00e9, la COVID-19 et la crise s\u00e9curitaire ont impact\u00e9 n\u00e9gativement sur le monde des affaires et particuli\u00e8rement sur les activit\u00e9s \u00e9conomiques des femmes. Ainsi, pour faire face \u00e0 cette nouvelle donne ayant occasionn\u00e9 notamment la fermeture des fronti\u00e8res, mais aussi l\u2019ins\u00e9curit\u00e9 sur les routes, etc., la ministre en charge de la femme a invit\u00e9 ses concitoyennes \u00e0 une nouvelle r\u00e9organisation dans la mani\u00e8re de travailler afin de redynamiser leurs activit\u00e9s commerciales gr\u00e2ce aux nouvelles technologies. \u00ab L\u2019objectif vis\u00e9 \u00e0 travers ce th\u00e8me est de promouvoir aupr\u00e8s des femmes, l\u2019utilisation des services financiers num\u00e9riques \u00bb, a laiss\u00e9 entendre Laurence Ilboudo. Rappelant les acquis engrang\u00e9s en mati\u00e8re de soutien aux femmes face \u00e0 la situation difficile, elle a pr\u00e9cis\u00e9 que des d\u00e9fis restent \u00e0 relever.<\/p>\n<p><strong>Un outil r\u00e9volutionnaire pour les femmes<\/strong><\/p>\n<p>\u00abLors du forum des femmes, organis\u00e9 le 8 mars 2020, vous avez soumis des dol\u00e9ances au pr\u00e9sident du Faso en vue d\u2019am\u00e9liorer la situation socio\u00e9conomique et sanitaire des femmes. M\u00eame si des r\u00e9sultats importants ont \u00e9t\u00e9 enregistr\u00e9s, des d\u00e9fis demeurent \u00e9normes quant \u00e0 la protection et \u00e0 la promotion de la femme dans notre pays \u00bb, a d\u00e9clar\u00e9 la ministre Ilboudo.<\/p>\n<p>La patronne de la c\u00e9r\u00e9monie, Sika Kabor\u00e9 est revenue sur l\u2019importance des technologies de l\u2019information et de la communication sur la comp\u00e9titivit\u00e9 des entreprises dans le monde. \u00ab Elles constituent le principal moteur dans l\u2019atteinte des objectifs de d\u00e9veloppement de l\u2019entreprise \u00bb, a-t-elle soulign\u00e9. Dans ce sens, Mme Kabor\u00e9 a salu\u00e9, la pertinence des actions men\u00e9es par le Burkina Faso pour promouvoir cette technologie qui, \u00e0 son avis, permettront d\u2019impacter positivement, durablement et de fa\u00e7on inclusive le d\u00e9veloppement du pays.<\/p>\n<p>Et dans ce contexte marqu\u00e9 par la pand\u00e9mie \u00e0 coronavirus et \u00e0 l\u2019ins\u00e9curit\u00e9 grandissante, elle a soulign\u00e9 que les services digitaux sont incontournables particuli\u00e8rement pour la femme. \u00ab Ils constituent un facteur important \u00e0 prendre en compte si on veut am\u00e9liorer les moyens de subsistance de m\u00eame que la s\u00e9curit\u00e9 \u00e9conomique des femmes \u00bb, a insist\u00e9 Mme Kabor\u00e9. Elle a dit esp\u00e9rer que les r\u00e9flexions et les recommandations faites \u00e0 l\u2019occasion de cette comm\u00e9moration permettront la mise en place de strat\u00e9gie adapt\u00e9e afin que toutes les femmes sans exception puissent b\u00e9n\u00e9ficier de cette aubaine dans le cadre d\u2019une synergie d\u2019actions bien pens\u00e9e entre les acteurs concern\u00e9s. Le chef de file des partenaires techniques et financiers, l\u2019ambassadeur de la R\u00e9publique f\u00e9d\u00e9rale d\u2019Allemagne au Burkina, Nils Wortmann, est, quant \u00e0 lui, revenu sur l\u2019acc\u00e8s des femmes aux ressources financi\u00e8res.<\/p>\n<p>Il a indiqu\u00e9 qu\u2019au Burkina Faso, les taux sont encore faibles tant en milieu urbain que rural. C\u2019est pourquoi, M. Wortmann a estim\u00e9 qu\u2019il est n\u00e9cessaire de d\u00e9velopper des m\u00e9canismes d\u2019inclusion financi\u00e8re par le num\u00e9rique, surtout pour les femmes. Il a rassur\u00e9 que les PTF dans la mise en \u0153uvre de la strat\u00e9gie nationale de la finance inclusive au pays des Hommes int\u00e8gres ont d\u00e9cid\u00e9 de porter \u00e0 75% le taux de l\u2019inclusion financi\u00e8re d\u2019ici \u00e0 2023 conform\u00e9ment \u00e0 la recommandation de la disposition de l\u2019UEMOA. Le chef de file des PTF a r\u00e9it\u00e9r\u00e9 leur engagement \u00e0 poursuivre leur appui au gouvernement, \u00e0 la soci\u00e9t\u00e9 civile, \u00e0 tous les mouvements qui \u0153uvrent dans la promotion des droits de la femme. Au cours de cette c\u00e9r\u00e9monie, le m\u00e9rite de quarante personnes a \u00e9t\u00e9 reconnu. Elles ont \u00e9t\u00e9 faites chevalier de l\u2019Ordre du m\u00e9rite de la sant\u00e9 et de l\u2019action sociale, avec agrafe, promotion de la Femme.<\/p>\n<p class=\"c1\"><strong>Donald Wendpouir\u00e9 NIKIEMA<\/strong><br \/><strong>tousunis.do@gmail.com<\/strong><\/p>\n<div class=\"td-a-rec td-a-rec-id-content_bottom tdi_33_220 td_block_template_1\">\n<p><img loading=\"lazy\" decoding=\"async\" class=\"aligncenter size-full wp-image-27454\" src=\"https:\/\/www.sidwaya.info\/wp-content\/uploads\/2020\/10\/PUB-Bandeau-paiement-mobile-siteweb.jpg\" alt=\"\" width=\"728\" height=\"90\"\/><\/div>\n<p>Auteur: BM. Sidwaya<br \/>\n<a href=\"https:\/\/www.sidwaya.info\/blog\/2021\/03\/08\/commemoration-du-8-mars-des-reflexions-pour-linclusion-financiere-des-femmes\/\">Cliquez ici pour lire l&rsquo;article depuis sa source.<\/a><\/p>\n","protected":false},"excerpt":{"rendered":"<p>A l\u2019instar des femmes du monde, celles du Burkina Faso ont comm\u00e9mor\u00e9, le lundi 8-Mars 2021 \u00e0 Ouagadougou, la 164e journ\u00e9e internationale de la Femme. C\u2019est loin du traditionnel d\u00e9fil\u00e9 et autres r\u00e9jouissances populaires (COVID-19 et ins\u00e9curit\u00e9 obligent) que les femmes du Burkina Faso ont comm\u00e9mor\u00e9 dans la sobri\u00e9t\u00e9, la 164e journ\u00e9e internationale de la [&hellip;]<\/p>\n","protected":false},"author":1816,"featured_media":0,"comment_status":"closed","ping_status":"closed","sticky":false,"template":"","format":"standard","meta":{"fifu_image_url":"https:\/\/www.sidwaya.info\/wp-content\/uploads\/2021\/03\/1-12.jpg","fifu_image_alt":"Comm\u00e9moration du 8-Mars  : des r\u00e9flexions pour l\u2019inclusion financi\u00e8re des femmes","footnotes":""},"categories":[73,81],"tags":[],"class_list":["post-112761","post","type-post","status-publish","format-standard","hentry","category-actualite","category-burkina-faso"],"_links":{"self":[{"href":"https:\/\/linitiative.ca\/International\/wp-json\/wp\/v2\/posts\/112761","targetHints":{"allow":["GET"]}}],"collection":[{"href":"https:\/\/linitiative.ca\/International\/wp-json\/wp\/v2\/posts"}],"about":[{"href":"https:\/\/linitiative.ca\/International\/wp-json\/wp\/v2\/types\/post"}],"author":[{"embeddable":true,"href":"https:\/\/linitiative.ca\/International\/wp-json\/wp\/v2\/users\/1816"}],"replies":[{"embeddable":true,"href":"https:\/\/linitiative.ca\/International\/wp-json\/wp\/v2\/comments?post=112761"}],"version-history":[{"count":0,"href":"https:\/\/linitiative.ca\/International\/wp-json\/wp\/v2\/posts\/112761\/revisions"}],"wp:attachment":[{"href":"https:\/\/linitiative.ca\/International\/wp-json\/wp\/v2\/media?parent=112761"}],"wp:term":[{"taxonomy":"category","embeddable":true,"href":"https:\/\/linitiative.ca\/International\/wp-json\/wp\/v2\/categories?post=112761"},{"taxonomy":"post_tag","embeddable":true,"href":"https:\/\/linitiative.ca\/International\/wp-json\/wp\/v2\/tags?post=112761"}],"curies":[{"name":"wp","href":"https:\/\/api.w.org\/{rel}","templated":true}]}}