{"id":112766,"date":"2021-03-08T13:18:03","date_gmt":"2021-03-08T18:18:03","guid":{"rendered":"https:\/\/linitiative.ca\/International\/des-femmes-sensibilisees-a-abidjan-sur-le-leadership-feminin\/"},"modified":"2021-03-08T13:18:03","modified_gmt":"2021-03-08T18:18:03","slug":"des-femmes-sensibilisees-a-abidjan-sur-le-leadership-feminin","status":"publish","type":"post","link":"https:\/\/linitiative.ca\/International\/des-femmes-sensibilisees-a-abidjan-sur-le-leadership-feminin\/","title":{"rendered":"Des femmes sensibilis\u00e9es \u00e0 Abidjan sur le leadership f\u00e9minin"},"content":{"rendered":"<div readability=\"32\">\n<p>Publi\u00e9 le 08.03.2021 \u00e0 19h18 par APA News<\/p>\n<\/div>\n<div readability=\"72\">\n<p>L\u2019association des femmes juristes de C\u00f4te d\u2019Ivoire (AFJCI) de concert avec l\u2019ONG internationale Action contre la faim (ACF) ont sensibilis\u00e9 lundi des femmes d\u2019Anono dans l\u2019Est d\u2019Abidjan sur leurs droits et le leadership f\u00e9minin, \u00e0 constat\u00e9 APA sur place.<\/p>\n<p>Cette activit\u00e9 qui s\u2019inscrit dans le cadre de la c\u00e9l\u00e9bration de l\u2019\u00e9dition 2021 de la journ\u00e9e internationale des droits de la femme, avait pour th\u00e8me \u00abLeadership f\u00e9minin : pour un futur \u00e9galitaire dans le monde de la Covid-19 \u00a0\u00bb. \u00a0<\/p>\n<p>\u00ab C\u2019est une journ\u00e9e tr\u00e8s importante qui parle des droits de la femme. Cette journ\u00e9e \u00a0met aussi l\u2019accent sur le leadership de la femme parce que le leadership de la femme lui permet aussi d\u2019\u00eatre autonome. Une femme leader, c\u2019est une femme qui est appel\u00e9e \u00e0 \u00eatre autonome financi\u00e8rement\u00bb, a expliqu\u00e9 \u00e0 APA, Adou Honorine, la repr\u00e9sentante de l\u2019AFJCI en marge d\u2019une table ronde.\u00a0<\/p>\n<p>Selon elle, les femmes sont n\u00e9es avec des droits au m\u00eame titre que les hommes. \u00a0\u00ab \u00a0Mais nos coutumes, nos traditions ont fait que ces droits de la femme ont \u00e9t\u00e9 pi\u00e9tin\u00e9s de sorte qu\u2019on avait l\u2019impression qu\u2019elles n\u2019avaient pas de droits\u00bb, a-t-elle d\u00e9plor\u00e9. \u00a0<\/p>\n<p>\u00ab \u00a0C\u2019est important de venir vers elles pour leur faire savoir qu\u2019elles ont des droits et ces droits l\u00e0 ne viennent pas de na\u00eetre. Elles sont n\u00e9es avec cela depuis que le monde existe. et aujourd\u2019hui il y a eu une \u00e9volution au niveau de ces droits qu\u2019il faut leur expliquer \u00bb, a ajout\u00e9 Mme Adou.\u00a0<\/p>\n<p>Avant elle, Ange Koblan, qui s\u2019est exprim\u00e9 dans un discours au nom de ACF, a r\u00e9affirm\u00e9 \u00a0l\u2019engagement de cette organisation \u00e0 \u0153uvrer pour la promotion des droits des femmes.\u00a0<\/p>\n<p>La Journ\u00e9e internationale des droits des femmes est c\u00e9l\u00e9br\u00e9e le 08 mars de chaque ann\u00e9e. Elle vise \u00e0 faire la promotion des droits de la femme et \u00e0 \u0153uvrer pour la r\u00e9duction des in\u00e9galit\u00e9s Homme-Femme.<\/p>\n<\/div>\n<p>Auteur: APA News<br \/>\n<a href=\"https:\/\/www.journalducameroun.com\/des-femmes-sensibilisees-a-abidjan-sur-le-leadership-feminin\/\">Cliquez ici pour lire l&rsquo;article depuis sa source.<\/a><\/p>\n","protected":false},"excerpt":{"rendered":"<p>Publi\u00e9 le 08.03.2021 \u00e0 19h18 par APA News L\u2019association des femmes juristes de C\u00f4te d\u2019Ivoire (AFJCI) de concert avec l\u2019ONG internationale Action contre la faim (ACF) ont sensibilis\u00e9 lundi des femmes d\u2019Anono dans l\u2019Est d\u2019Abidjan sur leurs droits et le leadership f\u00e9minin, \u00e0 constat\u00e9 APA sur place. Cette activit\u00e9 qui s\u2019inscrit dans le cadre de [&hellip;]<\/p>\n","protected":false},"author":1965,"featured_media":0,"comment_status":"closed","ping_status":"closed","sticky":false,"template":"","format":"standard","meta":{"fifu_image_url":"","fifu_image_alt":"","footnotes":""},"categories":[73,82],"tags":[],"class_list":["post-112766","post","type-post","status-publish","format-standard","hentry","category-actualite","category-cameroun"],"_links":{"self":[{"href":"https:\/\/linitiative.ca\/International\/wp-json\/wp\/v2\/posts\/112766","targetHints":{"allow":["GET"]}}],"collection":[{"href":"https:\/\/linitiative.ca\/International\/wp-json\/wp\/v2\/posts"}],"about":[{"href":"https:\/\/linitiative.ca\/International\/wp-json\/wp\/v2\/types\/post"}],"author":[{"embeddable":true,"href":"https:\/\/linitiative.ca\/International\/wp-json\/wp\/v2\/users\/1965"}],"replies":[{"embeddable":true,"href":"https:\/\/linitiative.ca\/International\/wp-json\/wp\/v2\/comments?post=112766"}],"version-history":[{"count":0,"href":"https:\/\/linitiative.ca\/International\/wp-json\/wp\/v2\/posts\/112766\/revisions"}],"wp:attachment":[{"href":"https:\/\/linitiative.ca\/International\/wp-json\/wp\/v2\/media?parent=112766"}],"wp:term":[{"taxonomy":"category","embeddable":true,"href":"https:\/\/linitiative.ca\/International\/wp-json\/wp\/v2\/categories?post=112766"},{"taxonomy":"post_tag","embeddable":true,"href":"https:\/\/linitiative.ca\/International\/wp-json\/wp\/v2\/tags?post=112766"}],"curies":[{"name":"wp","href":"https:\/\/api.w.org\/{rel}","templated":true}]}}