{"id":112767,"date":"2021-03-08T13:18:04","date_gmt":"2021-03-08T18:18:04","guid":{"rendered":"https:\/\/linitiative.ca\/International\/eisa-et-carter-jugent-les-legislatives-ivoiriennes-largement-transparentes\/"},"modified":"2021-03-08T13:18:04","modified_gmt":"2021-03-08T18:18:04","slug":"eisa-et-carter-jugent-les-legislatives-ivoiriennes-largement-transparentes","status":"publish","type":"post","link":"https:\/\/linitiative.ca\/International\/eisa-et-carter-jugent-les-legislatives-ivoiriennes-largement-transparentes\/","title":{"rendered":"EISA et Carter jugent les l\u00e9gislatives ivoiriennes \u00ab\u00a0largement transparentes\u00a0\u00bb"},"content":{"rendered":"<div readability=\"32\">\n<p>Publi\u00e9 le 08.03.2021 \u00e0 19h18 par APA News<\/p>\n<\/div>\n<div readability=\"105\">\n<p>Les \u00e9lections l\u00e9gislatives ivoiriennes du 6 mars 2021 se sont tenues dans une atmosph\u00e8re apais\u00e9e, a d\u00e9clar\u00e9 lundi \u00e0 Abidjan Denis Kadima, chef de la mission d\u2019observation internationale EISA-Centre Carter, jugeant le scrutin \u00ab\u00a0largement transparent\u00a0\u00bb.<\/p>\n<p>Selon les observations de EISA, l\u2019Institut \u00e9lectoral pour une d\u00e9mocratie durable en Afrique, et du Centre Carter, le scrutin s\u2019est tenu dans un contexte socio-politique \u00ab\u00a0nettement plus calme et apais\u00e9 que celui de la pr\u00e9sidentielle du 31 octobre 2020\u00a0\u00bb.<\/p>\n<p>Toutefois, \u00ab\u00a0la mission a observ\u00e9 une participation mitig\u00e9e des \u00e9lecteurs\u00a0\u00bb, a fait remarquer M. Denis Kadima, avant d\u2019ajouter que \u00ab\u00a0le scrutin a \u00e9t\u00e9 conduit d\u2019une mani\u00e8re largement professionnelle et transparente par les agents des bureaux de vote\u00a0\u00bb.<\/p>\n<p>EISA et Centre Carter ont d\u00e9ploy\u00e9 20 \u00e9quipes \u00e0 travers le pays pour les observations de vote et de d\u00e9pouillement dans 293 bureaux de vote. La mission soutient que le calme observ\u00e9 est d\u00fb \u00e0 l\u2019accord politique qui a contribu\u00e9 au d\u00e9gel des tensions et une \u00e9lection inclusive.\u00a0<\/p>\n<p>Elle encourage la Commission \u00e9lectorale ind\u00e9pendante (CEI) \u00e0 rendre compte de sa gestion du processus \u00e9lectoral et \u00e0 publier en temps voulu toutes les d\u00e9cisions et arr\u00eat\u00e9s relatifs \u00e0 l\u2019\u00e9lection des d\u00e9put\u00e9s y compris sur la transmission et la proclamation des r\u00e9sultats\u00a0\u00bb, a dit M. Kadima.\u00a0<\/p>\n<p>La mission a constat\u00e9 que \u00ab\u00a0les listes \u00e9lectorales n\u2019\u00e9taient pas affich\u00e9es devant les bureaux de vote dans la moiti\u00e9 des bureaux de vote visit\u00e9s, ce qui a contribu\u00e9 \u00e0 accentuer la confusion des individus n\u2019ayant pas encore retir\u00e9 leur carte d\u2019\u00e9lecteur\u00a0\u00bb, a-t-il relev\u00e9.\u00a0<\/p>\n<p>\u00ab\u00a0Un total de 52% des bureaux de vote observ\u00e9s ont ouvert \u00e0 l\u2019heure tel que pr\u00e9vu, 39% des bureaux de vote ont ouvert avec un retard de 15 \u00e0 45 minutes et 9% entre 8h45 et 9h, principalement du fait de la \u00ab\u00a0d\u00e9sorganisation\u00a0\u00bb et du retard dans la livraison du mat\u00e9riel \u00e9lectoral.<\/p>\n<p>Concernant la cl\u00f4ture et le d\u00e9pouillement, la mission assure qu\u2019ils se sont d\u00e9roul\u00e9s \u00ab\u00a0dans le calme et sans incident\u00a0\u00bb et \u00ab\u00a0les repr\u00e9sentants de candidats \u00e9taient pr\u00e9sents dans tous les cas\u00a0\u00bb, a-t-il poursuivi.<\/p>\n<p>Environ 40% des bureaux de vote visit\u00e9s ont pr\u00e9sent\u00e9 des difficult\u00e9s d\u2019acc\u00e8s aux personnes \u00e0 mobilit\u00e9 r\u00e9duite, principalement d\u00fb \u00e0 un d\u00e9nivel\u00e9 ou une marche; tandis que dans 12% de ces cas, le bureau de vote se trouvait \u00e0 l\u2019\u00e9tage, a-t\u2013il soulign\u00e9.<\/p>\n<p>En outre, \u00ab\u00a0contrairement aux proc\u00e9dures, le pr\u00e9sident n\u2019a pas annonc\u00e9 les r\u00e9sultats \u00e0 haute voix dans 25% des bureaux de vote et les feuilles de r\u00e9sultats n\u2019ont pas \u00e9t\u00e9 affich\u00e9es dans 60% des bureaux de vote\u00a0\u00bb, a fait observer la mission.<\/p>\n<p>\u00ab\u00a0La mission a eu acc\u00e8s \u00e0 toutes les salles de saisie des r\u00e9sultats, \u00e0 l\u2019exception de celle de Daloa (ouest), o\u00f9 les observateurs ont d\u00fb retourner\u00a0\u00bb, a indiqu\u00e9 M. Denis Kadima, invitant les acteurs politiques ivoiriens \u00e0 inscrire leurs actions dans le cadre de la loi.\u00a0<\/p>\n<p>L\u2019Assembl\u00e9e nationale ivoirienne compte 255 si\u00e8ges. Les \u00e9lecteurs ont exprim\u00e9 leur vote dans 204 sur 205 circonscriptions \u00e9lectorales \u00e0 la suite du d\u00e9c\u00e8s d\u2019un candidat lors de la campagne \u00e9lectorale. \u00a0<\/p>\n<\/div>\n<p>Auteur: APA News<br \/>\n<a href=\"https:\/\/www.journalducameroun.com\/eisa-et-carter-jugent-les-legislatives-ivoiriennes-largement-transparentes\/\">Cliquez ici pour lire l&rsquo;article depuis sa source.<\/a><\/p>\n","protected":false},"excerpt":{"rendered":"<p>Publi\u00e9 le 08.03.2021 \u00e0 19h18 par APA News Les \u00e9lections l\u00e9gislatives ivoiriennes du 6 mars 2021 se sont tenues dans une atmosph\u00e8re apais\u00e9e, a d\u00e9clar\u00e9 lundi \u00e0 Abidjan Denis Kadima, chef de la mission d\u2019observation internationale EISA-Centre Carter, jugeant le scrutin \u00ab\u00a0largement transparent\u00a0\u00bb. Selon les observations de EISA, l\u2019Institut \u00e9lectoral pour une d\u00e9mocratie durable en [&hellip;]<\/p>\n","protected":false},"author":1965,"featured_media":0,"comment_status":"closed","ping_status":"closed","sticky":false,"template":"","format":"standard","meta":{"fifu_image_url":"","fifu_image_alt":"","footnotes":""},"categories":[73,82],"tags":[],"class_list":["post-112767","post","type-post","status-publish","format-standard","hentry","category-actualite","category-cameroun"],"_links":{"self":[{"href":"https:\/\/linitiative.ca\/International\/wp-json\/wp\/v2\/posts\/112767","targetHints":{"allow":["GET"]}}],"collection":[{"href":"https:\/\/linitiative.ca\/International\/wp-json\/wp\/v2\/posts"}],"about":[{"href":"https:\/\/linitiative.ca\/International\/wp-json\/wp\/v2\/types\/post"}],"author":[{"embeddable":true,"href":"https:\/\/linitiative.ca\/International\/wp-json\/wp\/v2\/users\/1965"}],"replies":[{"embeddable":true,"href":"https:\/\/linitiative.ca\/International\/wp-json\/wp\/v2\/comments?post=112767"}],"version-history":[{"count":0,"href":"https:\/\/linitiative.ca\/International\/wp-json\/wp\/v2\/posts\/112767\/revisions"}],"wp:attachment":[{"href":"https:\/\/linitiative.ca\/International\/wp-json\/wp\/v2\/media?parent=112767"}],"wp:term":[{"taxonomy":"category","embeddable":true,"href":"https:\/\/linitiative.ca\/International\/wp-json\/wp\/v2\/categories?post=112767"},{"taxonomy":"post_tag","embeddable":true,"href":"https:\/\/linitiative.ca\/International\/wp-json\/wp\/v2\/tags?post=112767"}],"curies":[{"name":"wp","href":"https:\/\/api.w.org\/{rel}","templated":true}]}}