{"id":112768,"date":"2021-03-08T14:18:01","date_gmt":"2021-03-08T19:18:01","guid":{"rendered":"https:\/\/linitiative.ca\/International\/juba-le-president-erythreen-et-le-pm-ethiopien-en-visite-de-travail\/"},"modified":"2021-03-08T14:18:01","modified_gmt":"2021-03-08T19:18:01","slug":"juba-le-president-erythreen-et-le-pm-ethiopien-en-visite-de-travail","status":"publish","type":"post","link":"https:\/\/linitiative.ca\/International\/juba-le-president-erythreen-et-le-pm-ethiopien-en-visite-de-travail\/","title":{"rendered":"Juba : le pr\u00e9sident \u00e9rythr\u00e9en et le PM \u00e9thiopien en visite de travail"},"content":{"rendered":"<div readability=\"32\">\n<p>Publi\u00e9 le 08.03.2021 \u00e0 20h18 par APA News<\/p>\n<\/div>\n<div readability=\"60\">\n<p>Le pr\u00e9sident Salva Kiir a accueilli lundi son homologue \u00e9rythr\u00e9en et le Premier ministre \u00e9thiopien qui sont \u00e0 Juba pour une visite de travail d\u2019une journ\u00e9e.Une source fiable au bureau du pr\u00e9sident \u00e0 Juba a d\u00e9clar\u00e9 que le pr\u00e9sident Isias Afwerki et son nouvel alli\u00e9 \u00e9thiopien, le Premier ministre Abiy Ahmed, \u00e9taient en pourparlers avec le pr\u00e9sident Kirr sur des questions d\u2019importance r\u00e9gionale, la paix et la s\u00e9curit\u00e9 \u00e9tant au centre de la r\u00e9union.<\/p>\n<p>Le conflit en cours dans la r\u00e9gion \u00e9thiopienne du Tigr\u00e9, o\u00f9 des soldats \u00e9rythr\u00e9ens seraient actifs aux c\u00f4t\u00e9s des troupes \u00e9thiopiennes, sera \u00e9galement \u00e0 l\u2019ordre du jour de la rencontre des trois dirigeants.<\/p>\n<p>Le trio, qui s\u2019\u00e9tait \u00e9galement rencontr\u00e9 en 2019, s\u2019est \u00e9galement inqui\u00e9t\u00e9 de la d\u00e9t\u00e9rioration des relations entre l\u2019Ethiopie et le Soudan en raison d\u2019un conflit frontalier prolong\u00e9.<\/p>\n<p>Alors que les trois dirigeants se rencontrent \u00e0 Juba, le pr\u00e9sident Abdel Fattah al-Sissi est \u00e0 Khartoum pour s\u2019entretenir avec son homologue soudanais Abdel Fattah al-Burhan sur la question \u00e9pineuse du barrage controvers\u00e9 que l\u2019Ethiopie construit sur le Nil depuis 2012.<\/p>\n<p>L\u2019Egypte et dans une moindre mesure le Soudan se sont oppos\u00e9s au Grand barrage de la Renaissance \u00e9thiopienne, craignant que le projet ne compromette leur part de l\u2019eau du Nil.<\/p>\n<p>L\u2019Ethiopie a qualifi\u00e9 ces craintes exprim\u00e9es par ces derniers de non fond\u00e9es.<\/p>\n<\/div>\n<p>Auteur: APA News<br \/>\n<a href=\"https:\/\/www.journalducameroun.com\/juba-le-president-erythreen-et-le-pm-ethiopien-en-visite-de-travail\/\">Cliquez ici pour lire l&rsquo;article depuis sa source.<\/a><\/p>\n","protected":false},"excerpt":{"rendered":"<p>Publi\u00e9 le 08.03.2021 \u00e0 20h18 par APA News Le pr\u00e9sident Salva Kiir a accueilli lundi son homologue \u00e9rythr\u00e9en et le Premier ministre \u00e9thiopien qui sont \u00e0 Juba pour une visite de travail d\u2019une journ\u00e9e.Une source fiable au bureau du pr\u00e9sident \u00e0 Juba a d\u00e9clar\u00e9 que le pr\u00e9sident Isias Afwerki et son nouvel alli\u00e9 \u00e9thiopien, le [&hellip;]<\/p>\n","protected":false},"author":1965,"featured_media":0,"comment_status":"closed","ping_status":"closed","sticky":false,"template":"","format":"standard","meta":{"fifu_image_url":"","fifu_image_alt":"","footnotes":""},"categories":[73,82],"tags":[],"class_list":["post-112768","post","type-post","status-publish","format-standard","hentry","category-actualite","category-cameroun"],"_links":{"self":[{"href":"https:\/\/linitiative.ca\/International\/wp-json\/wp\/v2\/posts\/112768","targetHints":{"allow":["GET"]}}],"collection":[{"href":"https:\/\/linitiative.ca\/International\/wp-json\/wp\/v2\/posts"}],"about":[{"href":"https:\/\/linitiative.ca\/International\/wp-json\/wp\/v2\/types\/post"}],"author":[{"embeddable":true,"href":"https:\/\/linitiative.ca\/International\/wp-json\/wp\/v2\/users\/1965"}],"replies":[{"embeddable":true,"href":"https:\/\/linitiative.ca\/International\/wp-json\/wp\/v2\/comments?post=112768"}],"version-history":[{"count":0,"href":"https:\/\/linitiative.ca\/International\/wp-json\/wp\/v2\/posts\/112768\/revisions"}],"wp:attachment":[{"href":"https:\/\/linitiative.ca\/International\/wp-json\/wp\/v2\/media?parent=112768"}],"wp:term":[{"taxonomy":"category","embeddable":true,"href":"https:\/\/linitiative.ca\/International\/wp-json\/wp\/v2\/categories?post=112768"},{"taxonomy":"post_tag","embeddable":true,"href":"https:\/\/linitiative.ca\/International\/wp-json\/wp\/v2\/tags?post=112768"}],"curies":[{"name":"wp","href":"https:\/\/api.w.org\/{rel}","templated":true}]}}