{"id":112771,"date":"2021-03-08T11:35:47","date_gmt":"2021-03-08T16:35:47","guid":{"rendered":"https:\/\/linitiative.ca\/International\/recherche-scientifique-les-resultats-de-la-recherche-non-utilises\/"},"modified":"2021-03-08T11:35:47","modified_gmt":"2021-03-08T16:35:47","slug":"recherche-scientifique-les-resultats-de-la-recherche-non-utilises","status":"publish","type":"post","link":"https:\/\/linitiative.ca\/International\/recherche-scientifique-les-resultats-de-la-recherche-non-utilises\/","title":{"rendered":"Recherche scientifique : les r\u00e9sultats de la recherche non utilis\u00e9s"},"content":{"rendered":"<p>Les Camerounais vivent actuellement avec la hantise d\u2019un confinement \u00e0 cause de la mont\u00e9e des contaminations au Covid-19. Les pouvoirs publics multiplient la sensibilisation pour encourager la population \u00e0 respecter les mesures barri\u00e8res. La question \u00e9tait \u00e9galement au menu de la rentr\u00e9e scientifique du minist\u00e8re de la Recherche Scientifique et de l\u2019Innovation (Minresi), le 24 f\u00e9vrier 2021, sous le th\u00e8me \u00ab Recherche Scientifique et riposte endog\u00e8ne aux maladies \u00e9mergentes et r\u00e9-\u00e9mergentes : d\u00e9fis et perspectives \u00bb.<\/p>\n<p>Dans son discours d\u2019orientation, le Minresi, Dr. Madeleine Tchuint\u00e9 a fait le bilan de l\u2019ann\u00e9e 2020, marqu\u00e9e par le plan de riposte gouvernemental anti Covid-19.Dans le cadre du Fonds sp\u00e9cial de solidarit\u00e9 nationale pour la lutte contre le coronavirus et ses r\u00e9percussions \u00e9conomiques sociales, le Minresi a re\u00e7u une dotation de 6,1 milliards de Fcfa en 2020 dont 100 millions de Fcfa affect\u00e9s au \u00ab renforcement de la collaboration entre naturopathes et personnel soignant pour le d\u00e9veloppement et la certification des produits traditionnels \u00bb. C\u2019est donc avec curiosit\u00e9 que le public s\u2019est int\u00e9ress\u00e9 \u00e0 l\u2019\u00e9dition 2021 de rentr\u00e9e scientifique. Question de d\u00e9couvrir le fruit du g\u00e9nie camerounais en la mati\u00e8re.<\/p>\n<p><strong>Lire aussi<\/strong> : <a href=\"https:\/\/ecomatin.net\/lunion-europeenne-va-debloquer-32-milliards-pour-appuyer-la-recherche-scientifique-dans-lespace-francophone\/\">L\u2019Union Europ\u00e9enne va d\u00e9bloquer 3,2 milliards pour appuyer la recherche scientifique dans l\u2019espace francophone<\/a><\/p>\n<p>Ce d\u2019autant plus que dans son discours \u00e0 la nation, le 19 mai 2020, le pr\u00e9sident Paul Biya a encourag\u00e9 la piste des solutions endog\u00e8nes : \u00abJ\u2019encourage \u00e9galement tous les efforts visant \u00e0 mettre au point un traitement endog\u00e8ne du Covid-19 \u00bb, a-t-il dit. A l\u2019heure o\u00f9 le gouvernement planche sur la strat\u00e9gie \u00e0 mettre en \u0153uvre dans la perspective du d\u00e9but de la campagne de vaccination anti Covid-19, on a de la peine \u00e0 situer les \u00ab solutions endog\u00e8nes \u00bb dans le plan gouvernementale de riposte contre cette pand\u00e9mie.<\/p>\n<p>Le Cameroun semble coutumier du fait, si l\u2019on en croit les travaux d\u2019une \u00e9quipe de recherche coordonn\u00e9e par l\u2019anthropologue Charly Gabriel Mbock. Pendant trois ans, Charly Gabriel Mbock, Marie-Laure Ngo-Mpeck, Doroth\u00e9e Kom, Joseph-Marie Zambo Belinga ont pass\u00e9 au peigne fin l\u2019ensemble des \u00e9tudes r\u00e9alis\u00e9es au Cameroun pour d\u2019\u00e9tablir un pont entre la recherche en sciences sociales et les d\u00e9cideurs politiques.<\/p>\n<p><strong>Des chercheurs qui trouvent\u2026<\/strong><\/p>\n<p>Sur un \u00e9chantillon de 200 acteurs, r\u00e9partis en trois cat\u00e9gories : 100 chercheurs, 50 d\u00e9cideurs, 50 bailleurs de fonds \/commanditaires, \u00ab 80 % des chercheurs interrog\u00e9s affirment que les r\u00e9sultats de leurs travaux ne sont pas pris en compte par les d\u00e9cideurs. Sur les 33 \u00e9tudes les plus significatives, 9 seulement ont inspir\u00e9 des d\u00e9cisions connues des chercheurs. Ces 9 \u00e9tudes ne repr\u00e9sentent qu\u2019environ 8 % des 120 \u00e9tudes r\u00e9pertori\u00e9es pour la d\u00e9cennie 1990-2001 \u00bb, r\u00e9v\u00e8le l\u2019\u00e9tude \u00abutilisation des r\u00e9sultats de la recherche dans l\u2019action publique au Cameroun.\u00bb<\/p>\n<p><strong>Lire aussi<\/strong> : <a href=\"https:\/\/ecomatin.net\/recherche-agricole-revue-des-technologies-pour-vulgariser-les-cultures-au-cameroun\/\">Recherche agricole : revue des technologies pour vulgariser les cultures au Cameroun<\/a><\/p>\n<p>Pourtant et fort paradoxalement la majorit\u00e9 des chercheurs interrog\u00e9s appartiennent \u00e0 des institutions publiques. D\u2019ailleurs, ces \u00e9tudes sont en majorit\u00e9 orient\u00e9es vers l\u2019action publique et les questions de d\u00e9veloppement (62 %). Seulement 25 % sont acad\u00e9miques, et 9 % purement th\u00e9oriques.<\/p>\n<p>Plus intrigant, souligne l\u2019\u00e9tude, les d\u00e9cideurs sont unanimes \u00e0 reconna\u00eetre que toute action publique gagne en efficacit\u00e9 chaque fois qu\u2019elle est pr\u00e9c\u00e9d\u00e9e ou inspir\u00e9e d\u2019une \u00e9tude. Ils estiment notamment que \u00ab les recherches sont utiles pour des besoins de planification, d\u2019objectivit\u00e9, de clairvoyance, de participation et de gouvernance, d\u2019\u00e9conomie de moyens, de r\u00e9alisme et de prospective. \u00bb Les trois-quarts environ de ces \u00e9tudes recommandent des modifications, soit au plan des structures, soit au plan des proc\u00e9dures. Certaines concluent \u00e0 l\u2019urgence d\u2019un changement de syst\u00e8me (administratif, comptable, l\u00e9gislatif, r\u00e9glementaire, etc.). Malheureusement, \u00ab seules 34 % des \u00e9tudes d\u00e9bouchent sur des changements administratifs effectifs \u00bb, se d\u00e9solent Charly Gabriel Mbock et ses coll\u00e8gues.<\/p>\n<p><strong>Lire aussi<\/strong> : <a href=\"https:\/\/ecomatin.net\/budget-2021-le-secteur-productif-sollicite-237737-milliards-de-fcfa\/\">Budget 2021 : le secteur productif sollicite 237,737 milliards de Fcfa<\/a><\/p>\n<p>Auteur: Philipe NSOA<br \/>\n<a href=\"https:\/\/ecomatin.net\/recherche-scientifique-les-resultats-de-la-recherche-non-utilises\/\">Cliquez ici pour lire l&rsquo;article depuis sa source.<\/a><\/p>\n","protected":false},"excerpt":{"rendered":"<p>Les Camerounais vivent actuellement avec la hantise d\u2019un confinement \u00e0 cause de la mont\u00e9e des contaminations au Covid-19. Les pouvoirs publics multiplient la sensibilisation pour encourager la population \u00e0 respecter les mesures barri\u00e8res. La question \u00e9tait \u00e9galement au menu de la rentr\u00e9e scientifique du minist\u00e8re de la Recherche Scientifique et de l\u2019Innovation (Minresi), le 24 [&hellip;]<\/p>\n","protected":false},"author":1969,"featured_media":0,"comment_status":"closed","ping_status":"closed","sticky":false,"template":"","format":"standard","meta":{"fifu_image_url":"","fifu_image_alt":"","footnotes":""},"categories":[82,78],"tags":[],"class_list":["post-112771","post","type-post","status-publish","format-standard","hentry","category-cameroun","category-economie"],"_links":{"self":[{"href":"https:\/\/linitiative.ca\/International\/wp-json\/wp\/v2\/posts\/112771","targetHints":{"allow":["GET"]}}],"collection":[{"href":"https:\/\/linitiative.ca\/International\/wp-json\/wp\/v2\/posts"}],"about":[{"href":"https:\/\/linitiative.ca\/International\/wp-json\/wp\/v2\/types\/post"}],"author":[{"embeddable":true,"href":"https:\/\/linitiative.ca\/International\/wp-json\/wp\/v2\/users\/1969"}],"replies":[{"embeddable":true,"href":"https:\/\/linitiative.ca\/International\/wp-json\/wp\/v2\/comments?post=112771"}],"version-history":[{"count":0,"href":"https:\/\/linitiative.ca\/International\/wp-json\/wp\/v2\/posts\/112771\/revisions"}],"wp:attachment":[{"href":"https:\/\/linitiative.ca\/International\/wp-json\/wp\/v2\/media?parent=112771"}],"wp:term":[{"taxonomy":"category","embeddable":true,"href":"https:\/\/linitiative.ca\/International\/wp-json\/wp\/v2\/categories?post=112771"},{"taxonomy":"post_tag","embeddable":true,"href":"https:\/\/linitiative.ca\/International\/wp-json\/wp\/v2\/tags?post=112771"}],"curies":[{"name":"wp","href":"https:\/\/api.w.org\/{rel}","templated":true}]}}