{"id":112773,"date":"2021-03-08T12:59:38","date_gmt":"2021-03-08T17:59:38","guid":{"rendered":"https:\/\/linitiative.ca\/International\/le-personnel-decomatin-celebre-le-8-mars\/"},"modified":"2021-03-08T12:59:38","modified_gmt":"2021-03-08T17:59:38","slug":"le-personnel-decomatin-celebre-le-8-mars","status":"publish","type":"post","link":"https:\/\/linitiative.ca\/International\/le-personnel-decomatin-celebre-le-8-mars\/","title":{"rendered":"Le personnel d\u2019EcoMatin c\u00e9l\u00e8bre le 8 mars"},"content":{"rendered":"<p>La c\u00e9l\u00e9bration de la 36<sup>e<\/sup>\u00a0\u00e9dition de la f\u00eate internationale des droits de la Femme s\u2019est c\u00e9l\u00e9br\u00e9e cette ann\u00e9e dans un contexte particulier, marqu\u00e9 par la pand\u00e9mie de Coronavirus.\u00a0Pour cette ann\u00e9e Covid-19 oblige, la grande parade du d\u00e9fil\u00e9 a \u00e9t\u00e9 annul\u00e9e. Mais il n\u2019emp\u00eache que chaque structure \u00e0 son niveau a\u00a0\u00a0mis sur pied une organisation interne qui lui permet de rendre honneur aux femmes. Ce qui a \u00e9t\u00e9 le cas au sein d\u2019EcoMatin.<\/p>\n<p>D\u2019entr\u00e9e de jeu\u00a0le Directeur de publication Emile Fidieck a offert aux femmes de la structure ainsi, qu\u2019aux \u00e9pouses des coll\u00e8gues mari\u00e9s,\u00a0des\u00a0un tissu pagne,\u00a0gadget symbole de c\u00e9l\u00e9bration de cette journ\u00e9e au Cameroun. Ce qui a \u00e9t\u00e9 suivi ce 8 mars par un brunch organis\u00e9 \u00e0 l\u2019honneur de celles-l\u00e0 qui contribuent \u00e0 \u00ab\u00a0rendre l\u2019atmosph\u00e8re de travail moins tendue \u00e0 travers leurs attentions, sourires, et douceurs\u00a0\u00bb,\u00a0a soulign\u00e9\u00a0Directeur de publication.<\/p>\n<p><strong>Lire aussi<\/strong> : <a href=\"https:\/\/ecomatin.net\/lutte-contre-le-covid-19-le-chef-de-letat-annule-le-defile-du-8-mars\/\">Lutte contre le Covid-19 : le chef de l\u2019Etat annule le d\u00e9fil\u00e9 du 8 mars<\/a><\/p>\n<p>Le brunch du jour a \u00e9t\u00e9 marqu\u00e9 par deux prises de paroles importantes\u00a0: celle de la Directrice commerciale et marketing, Carine Marthe Guiliyack et du Directeur de publication. De fa\u00e7on g\u00e9n\u00e9rale, la Directrice commerciale et marketing a adress\u00e9 ses remerciements \u00e0\u00a0Emile Fidieck,\u00a0Directeur de publication. Ses remerciements sont aussi all\u00e9s \u00e0 l\u2019endroit du personnel masculin qui aura mis la main \u00e0 la p\u00e2te de fa\u00e7on conjointe avec le top management pour permettre \u00e0 tous de partager un moment conviviale \u00e0 l\u2019occasion de cette journ\u00e9e. En guise de\u00a0recommandations, elle a appel\u00e9 le personnel \u00e0 continuer\u00a0d\u2019\u0153uvrer\u00a0\u00a0pour porter haut\u00a0le flambeau de l\u2019entreprise\u00a0et \u00e0 y laisser une trace\u00a0ind\u00e9l\u00e9bile.<\/p>\n<p>A son tour, le Directeur de publication d\u2019EcoMatin a remerci\u00e9 l\u2019ensemble de son personnel masculin, mobilis\u00e9 \u00e0 l\u2019occasion pour irradier cette journ\u00e9e et rendre un plus bel hommage aux femmes de la structure, ainsi qu\u2019\u00e0 celui f\u00e9minin. Selon lui cette journ\u00e9e permet de pousser la r\u00e9flexion sur la place de la femme dans la soci\u00e9t\u00e9. En vivant au quotidien dans une relation compl\u00e9mentaire avec les hommes, sa r\u00e9flexion personnelle \u00e0 en l\u2019occasion de cette journ\u00e9e serait \u00ab\u00a0comment impliquer la femme dans la compl\u00e9mentarit\u00e9 qu\u2019elle forme avec l\u2019homme\u00a0\u00bb, fait-il savoir. C\u2019est en r\u00e9affirmant son engagement pour le respect des droits du personnel f\u00e9minin de la maison qu\u2019il a cl\u00f4tur\u00e9 son propos.<\/p>\n<p><strong>Lire aussi<\/strong> : <a href=\"https:\/\/ecomatin.net\/ecomatin-en-2020\/\">EcoMatin en 2020<\/a><\/p>\n<p>Auteur: Cindy MBALA<br \/>\n<a href=\"https:\/\/ecomatin.net\/le-personnel-decomatin-celebre-le-8-mars\/\">Cliquez ici pour lire l&rsquo;article depuis sa source.<\/a><\/p>\n","protected":false},"excerpt":{"rendered":"<p>La c\u00e9l\u00e9bration de la 36e\u00a0\u00e9dition de la f\u00eate internationale des droits de la Femme s\u2019est c\u00e9l\u00e9br\u00e9e cette ann\u00e9e dans un contexte particulier, marqu\u00e9 par la pand\u00e9mie de Coronavirus.\u00a0Pour cette ann\u00e9e Covid-19 oblige, la grande parade du d\u00e9fil\u00e9 a \u00e9t\u00e9 annul\u00e9e. Mais il n\u2019emp\u00eache que chaque structure \u00e0 son niveau a\u00a0\u00a0mis sur pied une organisation interne [&hellip;]<\/p>\n","protected":false},"author":1969,"featured_media":0,"comment_status":"closed","ping_status":"closed","sticky":false,"template":"","format":"standard","meta":{"fifu_image_url":"","fifu_image_alt":"","footnotes":""},"categories":[82,78],"tags":[],"class_list":["post-112773","post","type-post","status-publish","format-standard","hentry","category-cameroun","category-economie"],"_links":{"self":[{"href":"https:\/\/linitiative.ca\/International\/wp-json\/wp\/v2\/posts\/112773","targetHints":{"allow":["GET"]}}],"collection":[{"href":"https:\/\/linitiative.ca\/International\/wp-json\/wp\/v2\/posts"}],"about":[{"href":"https:\/\/linitiative.ca\/International\/wp-json\/wp\/v2\/types\/post"}],"author":[{"embeddable":true,"href":"https:\/\/linitiative.ca\/International\/wp-json\/wp\/v2\/users\/1969"}],"replies":[{"embeddable":true,"href":"https:\/\/linitiative.ca\/International\/wp-json\/wp\/v2\/comments?post=112773"}],"version-history":[{"count":0,"href":"https:\/\/linitiative.ca\/International\/wp-json\/wp\/v2\/posts\/112773\/revisions"}],"wp:attachment":[{"href":"https:\/\/linitiative.ca\/International\/wp-json\/wp\/v2\/media?parent=112773"}],"wp:term":[{"taxonomy":"category","embeddable":true,"href":"https:\/\/linitiative.ca\/International\/wp-json\/wp\/v2\/categories?post=112773"},{"taxonomy":"post_tag","embeddable":true,"href":"https:\/\/linitiative.ca\/International\/wp-json\/wp\/v2\/tags?post=112773"}],"curies":[{"name":"wp","href":"https:\/\/api.w.org\/{rel}","templated":true}]}}