{"id":112782,"date":"2021-03-09T09:19:44","date_gmt":"2021-03-09T14:19:44","guid":{"rendered":"https:\/\/linitiative.ca\/International\/telephonie-oppo-lance-officiellement-le-reno5-au-maroc\/"},"modified":"2021-03-09T09:19:44","modified_gmt":"2021-03-09T14:19:44","slug":"telephonie-oppo-lance-officiellement-le-reno5-au-maroc","status":"publish","type":"post","link":"https:\/\/linitiative.ca\/International\/telephonie-oppo-lance-officiellement-le-reno5-au-maroc\/","title":{"rendered":"T\u00e9l\u00e9phonie: Oppo lance officiellement le Reno5 au Maroc"},"content":{"rendered":"<p class=\"has-text-color has-vivid-cyan-blue-color\"><strong>Le Reno5, le dernier-n\u00e9 de la s\u00e9rie Reno d\u2019Oppo a \u00e9t\u00e9 lanc\u00e9 officiellement sur le march\u00e9 marocain la semaine derni\u00e8re. Les nouvelles fonctionnalit\u00e9s du smartphone, annonc\u00e9es lors du pr\u00e9-lancement, ont \u00e9t\u00e9 pr\u00e9sent\u00e9es en d\u00e9tail parmi d\u2019autres informations sur la marque lors d\u2019un \u00e9v\u00e9nement en direct.<\/strong><\/p>\n<p>\u00abLe smartphone d\u2019aujourd\u2019hui n\u2019est pas seulement un outil pour enregistrer nos souvenirs \u2013 c\u2019est un partenaire qui renforce notre fa\u00e7on unique de raconter des histoires et d\u2019archiver les histoires inoubliables que nous partageons avec nos amis et notre famille\u00bb, a d\u00e9clar\u00e9 \u00e0 cette occasion Steven Wan, Vice- Pr\u00e9sident marketing, Oppo Maroc \u00abAvec une technologie de cam\u00e9ra r\u00e9volutionnaire couvrant \u00e0 la fois le mat\u00e9riel et les logiciels, Reno5 donne aux utilisateurs le pouvoir de donner vie aux couleurs et \u00e0 la lumi\u00e8re du monde dans leur propre style. En capturant sans effort des portraits exceptionnels en vid\u00e9o ou en photo, de nuit ou de jour, Reno5 nous donne les moyens de \u00abCapturer la vie ensemble\u00bb.<\/p>\n<p><strong>Faut-il<\/strong> rappeler que le Reno5 pr\u00e9sente un tout nouveau syst\u00e8me de cam\u00e9ra avec une matrice quadcam arri\u00e8re de 64MP et une cam\u00e9ra frontale ultra claire de 44MP. Aliment\u00e9 par le syst\u00e8me vid\u00e9o de portrait FDF, Reno5 \u00e9l\u00e8ve la qualit\u00e9 de la vid\u00e9o portrait au niveau sup\u00e9rieur avec AI Highlight Video, la premi\u00e8re fonctionnalit\u00e9 du secteur \u00e0 d\u00e9tecter automatiquement la lumi\u00e8re ambiante dans une sc\u00e8ne et \u00e0 am\u00e9liorer la qualit\u00e9 de la vid\u00e9o en cons\u00e9quence. Reno5 lance une autre fonctionnalit\u00e9 vid\u00e9o novatrice dans le secteur : AI Mixed Portrait.<\/p>\n<p>En combinant une vid\u00e9o portrait et une vid\u00e9o d\u2019arri\u00e8re-plan, AI Mixed Portrait apporte pour la premi\u00e8re fois l\u2019effet vid\u00e9o \u00e0 double exposition \u00e0 un smartphone, permettant ainsi un tout nouvel effet artistique. La fonctionnalit\u00e9 est livr\u00e9e avec deux modes artistiques diff\u00e9rents dans lesquels les utilisateurs peuvent personnaliser la fa\u00e7on dont la vid\u00e9o portrait se fond dans la vid\u00e9o d\u2019arri\u00e8re-plan. De m\u00eame, la nouvelle vid\u00e9o \u00e0 double vue permet de capturer la vid\u00e9o \u00e0 partir des cam\u00e9ras avant et arri\u00e8re simultan\u00e9ment.<\/p>\n<p>Le t\u00e9l\u00e9phone est disponible en deux couleurs : Fantasy Silver et le Starry Black. Avec le tout nouveau proc\u00e9d\u00e9 Diamond Spectrum, le Fantasy Silver du Reno5 cr\u00e9e un tout nouvel effet visuel qui peut faire ressortir des milliers de couleurs. Sous diff\u00e9rents angles ou sous un \u00e9clairage diff\u00e9rent, le t\u00e9l\u00e9phone appara\u00eet dans des couleurs compl\u00e8tement nouvelles. Mis \u00e0 part ses deux couleurs <strong>captivantes<\/strong>, Reno5 est con\u00e7u pour \u00eatre compact et \u00e9l\u00e9gant. Ne pesant que 171 g et moins de 7,8 mm d\u2019\u00e9paisseur, le t\u00e9l\u00e9phone tire parti de l\u2019emballage COF avanc\u00e9 pour r\u00e9duire davantage le bord inf\u00e9rieur de l\u2019\u00e9cran de 28% par rapport au Reno4 \u00e0 seulement 3,98 mm, offrant une exp\u00e9rience d\u2019affichage bord \u00e0 bord plus immersive avec un ratio corps \/ \u00e9cran de 91,7 % par rapport \u00e0 90,7% pour le Reno4.<\/p>\n<p>\u00c0 l\u2019avant du Reno5, l\u2019\u00e9cran AMOLED de 6,4 pouces \u00e0 90 Hz avec une conception \u00e0 perforation unique offre un toucher plus vif, qui, combin\u00e9 \u00e0 une r\u00e9solution FHD + (2400 x 1080) nette et un taux de rafra\u00eechissement soyeux de 90 Hz, donne un aspect r\u00e9aliste.<\/p>\n<p>La charge flash ultra-rapide de 50 W est un autre point fort du Reno5. Avec une puissance de cr\u00eate 66,6% sup\u00e9rieure \u00e0 celle de la g\u00e9n\u00e9ration pr\u00e9c\u00e9dente, la charge flash de 50 W peut charger Reno5 de jusqu\u2019\u00e0 80% en 31 minutes et charger l\u2019appareil jusqu\u2019\u00e0 100% en seulement 48 minutes. Aussi, la grande batterie de 4310 mAh permet une utilisation toute la journ\u00e9e. Reno5 offre \u00e9galement aux utilisateurs 8 Go de RAM et 128 Go de stockage comme configurations par d\u00e9faut. Associ\u00e9 \u00e0 la plate-forme mobile Qualcomm Snapdragon 720G \u00e0 processus 8 nm, le t\u00e9l\u00e9phone offre des performances rapides avec une consommation d\u2019\u00e9nergie \u00e9quilibr\u00e9e.<\/p>\n<p>\u00c0 noter que le Reno5 est d\u2019ores et d\u00e9j\u00e0 disponible sur le march\u00e9 marocain au prix de d\u00e9tail de 3999 Dhs.<\/p>\n<p>Auteur: M&rsquo;hammed rahal<br \/>\n<a href=\"http:\/\/albayane.press.ma\/telephonie-oppo-lance-officiellement-le-reno5-au-maroc.html\">Cliquez ici pour lire l&rsquo;article depuis sa source.<\/a><\/p>\n","protected":false},"excerpt":{"rendered":"<p>Le Reno5, le dernier-n\u00e9 de la s\u00e9rie Reno d\u2019Oppo a \u00e9t\u00e9 lanc\u00e9 officiellement sur le march\u00e9 marocain la semaine derni\u00e8re. Les nouvelles fonctionnalit\u00e9s du smartphone, annonc\u00e9es lors du pr\u00e9-lancement, ont \u00e9t\u00e9 pr\u00e9sent\u00e9es en d\u00e9tail parmi d\u2019autres informations sur la marque lors d\u2019un \u00e9v\u00e9nement en direct. \u00abLe smartphone d\u2019aujourd\u2019hui n\u2019est pas seulement un outil pour enregistrer [&hellip;]<\/p>\n","protected":false},"author":1760,"featured_media":0,"comment_status":"closed","ping_status":"closed","sticky":false,"template":"","format":"standard","meta":{"fifu_image_url":"","fifu_image_alt":"","footnotes":""},"categories":[73,54],"tags":[],"class_list":["post-112782","post","type-post","status-publish","format-standard","hentry","category-actualite","category-maroc"],"_links":{"self":[{"href":"https:\/\/linitiative.ca\/International\/wp-json\/wp\/v2\/posts\/112782","targetHints":{"allow":["GET"]}}],"collection":[{"href":"https:\/\/linitiative.ca\/International\/wp-json\/wp\/v2\/posts"}],"about":[{"href":"https:\/\/linitiative.ca\/International\/wp-json\/wp\/v2\/types\/post"}],"author":[{"embeddable":true,"href":"https:\/\/linitiative.ca\/International\/wp-json\/wp\/v2\/users\/1760"}],"replies":[{"embeddable":true,"href":"https:\/\/linitiative.ca\/International\/wp-json\/wp\/v2\/comments?post=112782"}],"version-history":[{"count":0,"href":"https:\/\/linitiative.ca\/International\/wp-json\/wp\/v2\/posts\/112782\/revisions"}],"wp:attachment":[{"href":"https:\/\/linitiative.ca\/International\/wp-json\/wp\/v2\/media?parent=112782"}],"wp:term":[{"taxonomy":"category","embeddable":true,"href":"https:\/\/linitiative.ca\/International\/wp-json\/wp\/v2\/categories?post=112782"},{"taxonomy":"post_tag","embeddable":true,"href":"https:\/\/linitiative.ca\/International\/wp-json\/wp\/v2\/tags?post=112782"}],"curies":[{"name":"wp","href":"https:\/\/api.w.org\/{rel}","templated":true}]}}