{"id":112784,"date":"2021-03-09T09:26:04","date_gmt":"2021-03-09T14:26:04","guid":{"rendered":"https:\/\/linitiative.ca\/International\/%ef%bb%bfles-eclaircissements-de-allianz-maroc\/"},"modified":"2021-03-09T09:26:04","modified_gmt":"2021-03-09T14:26:04","slug":"%ef%bb%bfles-eclaircissements-de-allianz-maroc","status":"publish","type":"post","link":"https:\/\/linitiative.ca\/International\/%ef%bb%bfles-eclaircissements-de-allianz-maroc\/","title":{"rendered":"\ufeffLes \u00e9claircissements de Allianz Maroc"},"content":{"rendered":"<p class=\"has-text-color has-vivid-red-color c1\"><strong>Campagne de d\u00e9sinformation \u2013 Communiqu\u00e9<\/strong><\/p>\n<p class=\"has-text-color has-vivid-cyan-blue-color\"><strong>Suite \u00e0 la diffusion d\u2019informations erron\u00e9es sur les r\u00e9seaux sociaux concernant un dossier actuellement devant les tribunaux et relatif \u00e0 l\u2019un de ses Agents G\u00e9n\u00e9raux, Allianz Maroc a souhait\u00e9 apporter des \u00e9l\u00e9ments de clarification.<\/strong><\/p>\n<p>La Compagnie tient d\u2019abord \u00e0 rappeler qu\u2019elle est une entreprise de droit marocain, r\u00e9gie par les lois nationales et soumise \u00e0 la tutelle de l\u2019ACAPS, Autorit\u00e9 Marocaine de r\u00e9gulation du secteur marocain des assurances.<\/p>\n<p>La soci\u00e9t\u00e9 est pr\u00e9sente au Maroc depuis 1954 comme l\u2019atteste le Registre de Commerce de la Compagnie enregistr\u00e9e sous le num\u00e9ro 23041 \u00e0 Casablanca.<\/p>\n<p>Le litige porte sur plusieurs primes d\u2019assurance correspondant \u00e0 des attestations d\u2019assurance vendues aux clients et non revers\u00e9es \u00e0 la Compagnie.<\/p>\n<p>De telles pratiques sont contraires \u00e0 l\u2019\u00e9thique des affaires et nuisent \u00e0 la confiance qui doit exister entre une compagnie d\u2019assurance et son interm\u00e9diaire.<\/p>\n<p>Si la Compagnie ne r\u00e9agit pas de fa\u00e7on d\u00e9cisive, cela aura pour effet de :<\/p>\n<p>1. Entacher l\u2019image des interm\u00e9diaires honn\u00eates qui respectent leurs engagements.<\/p>\n<p>2. Impacter les clients qui, en fin de compte, devront payer une prime plus importante pour compenser celles qui n\u2019ont pas \u00e9t\u00e9 revers\u00e9es \u00e0 la Compagnie afin que cette derni\u00e8re puisse honorer ses engagements envers tous ses clients.<\/p>\n<p>Toute compagnie d\u2019assurance a un engagement de couverture des risques encourus par ses clients communs en contrepartie de la prime d\u2019assurance correspondante.<\/p>\n<p>Lorsque l\u2019interm\u00e9diaire qui vend la couverture d\u2019assurance pour le compte de la Compagnie ne verse pas le montant de la prime de l\u2019assurance vendue, un d\u00e9s\u00e9quilibre est cr\u00e9\u00e9.<\/p>\n<p>Allianz Maroc a tent\u00e9, \u00e0 plusieurs reprises et pendant tr\u00e8s longtemps, de trouver des solutions amiables pour r\u00e9cup\u00e9rer le montant des primes d\u2019assurance vendues aupr\u00e8s de l\u2019agent dont il est question \u00e0 travers des facilit\u00e9s, des protocoles de r\u00e9\u00e9chelonnement, etc., mais en vain.<\/p>\n<p>Ne r\u00e9agissant malheureusement pas \u00e0 ses nombreuses tentatives amiables de trouver une solution, la Compagnie s\u2019est retrouv\u00e9e dans l\u2019obligation d\u2019emprunter les voies de droit ouvertes.<\/p>\n<p>Les accusations concernant notamment la falsification de documents par Allianz Maroc ne sont pas fond\u00e9es et ont pour seul but de d\u00e9vier l\u2019attention sur le sujet principal, \u00e0 savoir, le remboursement des montants des primes dues \u00e0 la Compagnie.<\/p>\n<p>Les Autorit\u00e9s Judicaires sont souveraines dans les mesures qu\u2019elles d\u00e9cident de prendre par la suite.<\/p>\n<p>Allianz Maroc n\u2019est pas habilit\u00e9e \u00e0 commenter davantage sur ce litige ni \u00e0 fournir plus de d\u00e9tails tant que l\u2019Autorit\u00e9 Judiciaire n\u2019a pas rendu sa d\u00e9cision.<\/p>\n<p>Auteur: M&rsquo;hammed rahal<br \/>\n<a href=\"http:\/\/albayane.press.ma\/%EF%BB%BFles-eclaircissements-de-allianz-maroc.html\">Cliquez ici pour lire l&rsquo;article depuis sa source.<\/a><\/p>\n","protected":false},"excerpt":{"rendered":"<p>Campagne de d\u00e9sinformation \u2013 Communiqu\u00e9 Suite \u00e0 la diffusion d\u2019informations erron\u00e9es sur les r\u00e9seaux sociaux concernant un dossier actuellement devant les tribunaux et relatif \u00e0 l\u2019un de ses Agents G\u00e9n\u00e9raux, Allianz Maroc a souhait\u00e9 apporter des \u00e9l\u00e9ments de clarification. La Compagnie tient d\u2019abord \u00e0 rappeler qu\u2019elle est une entreprise de droit marocain, r\u00e9gie par les [&hellip;]<\/p>\n","protected":false},"author":1760,"featured_media":0,"comment_status":"closed","ping_status":"closed","sticky":false,"template":"","format":"standard","meta":{"fifu_image_url":"","fifu_image_alt":"","footnotes":""},"categories":[73,54],"tags":[],"class_list":["post-112784","post","type-post","status-publish","format-standard","hentry","category-actualite","category-maroc"],"_links":{"self":[{"href":"https:\/\/linitiative.ca\/International\/wp-json\/wp\/v2\/posts\/112784","targetHints":{"allow":["GET"]}}],"collection":[{"href":"https:\/\/linitiative.ca\/International\/wp-json\/wp\/v2\/posts"}],"about":[{"href":"https:\/\/linitiative.ca\/International\/wp-json\/wp\/v2\/types\/post"}],"author":[{"embeddable":true,"href":"https:\/\/linitiative.ca\/International\/wp-json\/wp\/v2\/users\/1760"}],"replies":[{"embeddable":true,"href":"https:\/\/linitiative.ca\/International\/wp-json\/wp\/v2\/comments?post=112784"}],"version-history":[{"count":0,"href":"https:\/\/linitiative.ca\/International\/wp-json\/wp\/v2\/posts\/112784\/revisions"}],"wp:attachment":[{"href":"https:\/\/linitiative.ca\/International\/wp-json\/wp\/v2\/media?parent=112784"}],"wp:term":[{"taxonomy":"category","embeddable":true,"href":"https:\/\/linitiative.ca\/International\/wp-json\/wp\/v2\/categories?post=112784"},{"taxonomy":"post_tag","embeddable":true,"href":"https:\/\/linitiative.ca\/International\/wp-json\/wp\/v2\/tags?post=112784"}],"curies":[{"name":"wp","href":"https:\/\/api.w.org\/{rel}","templated":true}]}}