{"id":112789,"date":"2021-03-09T11:40:00","date_gmt":"2021-03-09T16:40:00","guid":{"rendered":"https:\/\/linitiative.ca\/International\/dernouni-condamne-a-deux-ans-de-prison-zitout-et-amir-dz-a-dix-ans-par-contumace\/"},"modified":"2021-03-09T11:40:00","modified_gmt":"2021-03-09T16:40:00","slug":"dernouni-condamne-a-deux-ans-de-prison-zitout-et-amir-dz-a-dix-ans-par-contumace","status":"publish","type":"post","link":"https:\/\/linitiative.ca\/International\/dernouni-condamne-a-deux-ans-de-prison-zitout-et-amir-dz-a-dix-ans-par-contumace\/","title":{"rendered":"Dernouni condamn\u00e9 \u00e0 deux ans de prison, Zitout et Amir DZ \u00e0 dix ans par contumace"},"content":{"rendered":"<div id=\"originalText\" readability=\"80\">\n<p>L\u2019activiste Sami Dernouni, connu pour sa proximit\u00e9 avec le mouvement islamiste Rachad, \u00a0a \u00e9t\u00e9 condamn\u00e9, ce mardi, \u00e0 deux ans de prison ferme, par le tribunal de Tipaza, pour notamment \u00ab\u00a0complot visant \u00e0 renverser le r\u00e9gime\u00a0\u00bb, \u00a0\u00ab financement \u00e9tranger\u00a0\u00bb, \u00a0\u00abincitation \u00e0 attroupement non arm\u00e9\u00a0\u00bb et \u00ab\u00a0publications de fausses informations\u00a0\u00bb, avons-nous appris aupr\u00e8s de son avocat, Me Ali Fellah.<\/p>\n<p>Dans la m\u00eame affaire, l\u2019ancien diplomate en fuite \u00e0 l\u2019\u00e9tranger, et n\u00e9anmoins membre fondateur du mouvement islamiste Rachad, Mohamed Larbi Zitout, le cyber-influenceur et sympathisant de Rachad, Amir Boukhars, connu sous le pseudonyme d&rsquo;Amir DZ, ainsi que le militaire d\u00e9serteur Mohamed Benhalima, ont \u00e9t\u00e9 condamn\u00e9s \u00e0 dix ans de prison par contumace avec \u00e9mission d\u2019un mandat d\u2019arr\u00eat international \u00e0 leur encontre, selon la m\u00eame source.\u00a0\u00a0<\/p>\n<p>Pour rappel, Sami Dernouni a \u00e9t\u00e9 plac\u00e9 sous mandat de d\u00e9p\u00f4t\u00a0avec Namia Abdelkader, le lundi 7 d\u00e9cembre 2020, par le juge d&rsquo;instruction pr\u00e8s le tribunal de Tipaza, apr\u00e8s leur arrestation.<\/p>\n<p>Namia Abdelkader, en libert\u00e9 provisoire depuis le 20 f\u00e9vrier dernier, a \u00e9t\u00e9, par contre,\u00a0relax\u00e9e dans cette affaire.<\/p>\n<p>Le parquet avait requis une peine de dix ans \u00e0 l&rsquo;encontre de Sami Dernouni et Namia Abdelkader lors de leur proc\u00e8s, le 2 mars dernier. L\u2019activiste avait soutenu, \u00e0 la barre, avoir subi de la torture.<\/p>\n<p class=\"c6\"><strong>R\u00e9daction Web<\/strong><\/p>\n<\/div>\n<div id=\"text_core\" readability=\"80\">\n<p>L\u2019activiste Sami Dernouni, connu pour sa proximit\u00e9 avec le mouvement islamiste Rachad, \u00a0a \u00e9t\u00e9 condamn\u00e9, ce mardi, \u00e0 deux ans de prison ferme, par le tribunal de Tipaza, pour notamment \u00ab\u00a0complot visant \u00e0 renverser le r\u00e9gime\u00a0\u00bb, \u00a0\u00ab financement \u00e9tranger\u00a0\u00bb, \u00a0\u00abincitation \u00e0 attroupement non arm\u00e9\u00a0\u00bb et \u00ab\u00a0publications de fausses informations\u00a0\u00bb, avons-nous appris aupr\u00e8s de son avocat, Me Ali Fellah.<\/p>\n<p>Dans la m\u00eame affaire, l\u2019ancien diplomate en fuite \u00e0 l\u2019\u00e9tranger, et n\u00e9anmoins membre fondateur du mouvement islamiste Rachad, Mohamed Larbi Zitout, le cyber-influenceur et sympathisant de Rachad, Amir Boukhars, connu sous le pseudonyme d&rsquo;Amir DZ, ainsi que le militaire d\u00e9serteur Mohamed Benhalima, ont \u00e9t\u00e9 condamn\u00e9s \u00e0 dix ans de prison par contumace avec \u00e9mission d\u2019un mandat d\u2019arr\u00eat international \u00e0 leur encontre, selon la m\u00eame source.\u00a0\u00a0<\/p>\n<p>Pour rappel, Sami Dernouni a \u00e9t\u00e9 plac\u00e9 sous mandat de d\u00e9p\u00f4t\u00a0avec Namia Abdelkader, le lundi 7 d\u00e9cembre 2020, par le juge d&rsquo;instruction pr\u00e8s le tribunal de Tipaza, apr\u00e8s leur arrestation.<\/p>\n<p>Namia Abdelkader, en libert\u00e9 provisoire depuis le 20 f\u00e9vrier dernier, a \u00e9t\u00e9, par contre,\u00a0relax\u00e9e dans cette affaire.<\/p>\n<p>Le parquet avait requis une peine de dix ans \u00e0 l&rsquo;encontre de Sami Dernouni et Namia Abdelkader lors de leur proc\u00e8s, le 2 mars dernier. L\u2019activiste avait soutenu, \u00e0 la barre, avoir subi de la torture.<\/p>\n<p class=\"c6\"><strong>R\u00e9daction Web<\/strong><\/p>\n<\/div>\n<p>Auteur:<br \/>\n<a href=\"https:\/\/www.liberte-algerie.com\/actualite\/dernouni-condamne-a-deux-ans-de-prison-zitout-et-amir-dz-a-dix-ans-par-contumace-355300\">Cliquez ici pour lire l&rsquo;article depuis sa source.<\/a><\/p>\n","protected":false},"excerpt":{"rendered":"<p>L\u2019activiste Sami Dernouni, connu pour sa proximit\u00e9 avec le mouvement islamiste Rachad, \u00a0a \u00e9t\u00e9 condamn\u00e9, ce mardi, \u00e0 deux ans de prison ferme, par le tribunal de Tipaza, pour notamment \u00ab\u00a0complot visant \u00e0 renverser le r\u00e9gime\u00a0\u00bb, \u00a0\u00ab financement \u00e9tranger\u00a0\u00bb, \u00a0\u00abincitation \u00e0 attroupement non arm\u00e9\u00a0\u00bb et \u00ab\u00a0publications de fausses informations\u00a0\u00bb, avons-nous appris aupr\u00e8s de son avocat, [&hellip;]<\/p>\n","protected":false},"author":1742,"featured_media":0,"comment_status":"closed","ping_status":"closed","sticky":false,"template":"","format":"standard","meta":{"fifu_image_url":"","fifu_image_alt":"","footnotes":""},"categories":[73,53],"tags":[],"class_list":["post-112789","post","type-post","status-publish","format-standard","hentry","category-actualite","category-algerie"],"_links":{"self":[{"href":"https:\/\/linitiative.ca\/International\/wp-json\/wp\/v2\/posts\/112789","targetHints":{"allow":["GET"]}}],"collection":[{"href":"https:\/\/linitiative.ca\/International\/wp-json\/wp\/v2\/posts"}],"about":[{"href":"https:\/\/linitiative.ca\/International\/wp-json\/wp\/v2\/types\/post"}],"author":[{"embeddable":true,"href":"https:\/\/linitiative.ca\/International\/wp-json\/wp\/v2\/users\/1742"}],"replies":[{"embeddable":true,"href":"https:\/\/linitiative.ca\/International\/wp-json\/wp\/v2\/comments?post=112789"}],"version-history":[{"count":0,"href":"https:\/\/linitiative.ca\/International\/wp-json\/wp\/v2\/posts\/112789\/revisions"}],"wp:attachment":[{"href":"https:\/\/linitiative.ca\/International\/wp-json\/wp\/v2\/media?parent=112789"}],"wp:term":[{"taxonomy":"category","embeddable":true,"href":"https:\/\/linitiative.ca\/International\/wp-json\/wp\/v2\/categories?post=112789"},{"taxonomy":"post_tag","embeddable":true,"href":"https:\/\/linitiative.ca\/International\/wp-json\/wp\/v2\/tags?post=112789"}],"curies":[{"name":"wp","href":"https:\/\/api.w.org\/{rel}","templated":true}]}}