{"id":112790,"date":"2021-03-08T17:40:36","date_gmt":"2021-03-08T22:40:36","guid":{"rendered":"https:\/\/linitiative.ca\/International\/lancement-de-la-3e-caravane-maroc-innov\/"},"modified":"2021-03-08T17:40:36","modified_gmt":"2021-03-08T22:40:36","slug":"lancement-de-la-3e-caravane-maroc-innov","status":"publish","type":"post","link":"https:\/\/linitiative.ca\/International\/lancement-de-la-3e-caravane-maroc-innov\/","title":{"rendered":"Lancement de la 3\u00e8 Caravane \u00ab\u00a0Maroc-Innov\u00a0\u00bb"},"content":{"rendered":"<div readability=\"39\">\n<p>Essaouira \u2013 Le coup d\u2019envoi de la 3\u00e8me \u00e9dition de la Caravane \u00ab\u00a0Maroc-Innov\u00a0\u00bb, initi\u00e9e cette ann\u00e9e sous le th\u00e8me \u00ab\u00a0Le r\u00f4le de l\u2019entreprise f\u00e9minine dans le d\u00e9veloppement \u00e9conomique de la province d\u2019Essaouira\u00a0\u00bb, \u00e9t\u00e9 donn\u00e9, lundi, lors d\u2019une c\u00e9r\u00e9monie tenue dans la Cit\u00e9 des Aliz\u00e9s et marqu\u00e9e par un hommage appuy\u00e9 rendu \u00e0 des figures f\u00e9minines locales.<\/p>\n<\/div>\n<div readability=\"159.5\">\n<p>Organis\u00e9e par la pr\u00e9fecture de la province d\u2019Essaouira en collaboration avec la Fondation de Recherche, de D\u00e9veloppement et d\u2019Innovation en Sciences et Ing\u00e9nierie (FRDISI), cette 3\u00e8me caravane, dont le lancement a co\u00efncid\u00e9 avec la c\u00e9l\u00e9bration de la Journ\u00e9e internationale de la femme, intervient dans le cadre de la mise en oeuvre du programme de la 3\u00e8me phase de l\u2019Initiative Nationale pour le D\u00e9veloppement Humain (INDH) relatif \u00e0 l\u2019am\u00e9lioration du revenu et l\u2019inclusion \u00e9conomique des jeunes (2019-2023).<\/p>\n<p>Intervenant au cours de cette s\u00e9ance d\u2019ouverture, M. Andr\u00e9 Azoulay, Conseiller de SM le Roi, Pr\u00e9sident-Fondateur de l\u2019Association Essaouira-Mogador et Pr\u00e9sident-Fondateur de la FRDISI, a indiqu\u00e9 que cette journ\u00e9e comm\u00e9morative \u00e0 Essaouira \u00ab\u00a0est \u00e0 la fois celle de la juste mesure des progr\u00e8s r\u00e9alis\u00e9s par le Maroc dans sa capacit\u00e9 \u00e0 offrir plus et mieux en mati\u00e8re d\u2019\u00e9galit\u00e9 des chances et celle aussi de la juste mesure du chemin qui reste \u00e0 parcourir pour jouer dans la division des pays les plus performants en mati\u00e8re de parit\u00e9\u00a0\u00bb.<\/p>\n<p>Mettant en relief \u00ab\u00a0la d\u00e9marche pionni\u00e8re, cr\u00e9ative et citoyenne\u00a0\u00bb d\u00e9velopp\u00e9e par la Cit\u00e9 des Aliz\u00e9s depuis un peu plus de 30 ans, M. Azoulay a rappel\u00e9 qu\u2019\u00a0\u00bbEssaouira a \u00e9t\u00e9 \u00e0 la fin du 19\u00e8me si\u00e8cle l\u2019une des villes qui ont su tr\u00e8s t\u00f4t se doter des toutes premi\u00e8res \u00e9coles ouvertes aux jeunes filles pour donner toutes ses chances \u00e0 une \u00e9ducation partag\u00e9e et ouverte \u00e0 toutes et \u00e0 tous\u00a0\u00bb.<\/p>\n<p>Saluant pour conclure la pr\u00e9sence \u00e0 Essaouira du D\u00e9l\u00e9gu\u00e9 du pr\u00e9sident de la FRDISI, M. Hicham Medromi, le Conseiller de SM le Roi s\u2019est f\u00e9licit\u00e9 de la dynamique d\u00e9velopp\u00e9e par cette Fondation \u00e0 Essaouira comme dans beaucoup d\u2019autres r\u00e9gions du Maroc, avec notamment le lancement en 2019 de la Caravane \u00ab\u00a0Maroc-Innov\u00a0\u00bb qui a apport\u00e9 son soutien \u00e0 la cr\u00e9ation et au d\u00e9veloppement de start-up, plus d\u2019une quarantaine en quelques mois \u00e0 Essaouira et dans sa province, dont 23 initi\u00e9es et d\u00e9velopp\u00e9es par des jeunes filles de la r\u00e9gion.<\/p>\n<p>De son c\u00f4t\u00e9, le gouverneur de la province d\u2019Essaouira, M. Adil El Maliki a soulign\u00e9 que la c\u00e9l\u00e9bration de la Journ\u00e9e internationale de la femme ne doit pas \u00eatre uniquement une occasion passag\u00e8re pour \u00e9voquer le r\u00f4le assum\u00e9 par la femme sur les plans \u00e9conomique et social, mais aussi une opportunit\u00e9 pour l\u2019\u00e9valuation des acquis engrang\u00e9s par la gent f\u00e9minine afin de r\u00e9aliser la v\u00e9ritable \u00e9galit\u00e9 et parit\u00e9 et la mise en lumi\u00e8re des pas franchis dans le cadre de ce processus.<\/p>\n<p>Le chemin est encore long pour atteindre l\u2019objectif escompt\u00e9 comme l\u2019atteste une r\u00e9cente \u00e9tude r\u00e9alis\u00e9e par le minist\u00e8re de l\u2019Economie, des Finances et de la R\u00e9forme de l\u2019administration, en collaboration avec ONU-Femmes et d\u2019autres organismes, a-t-il not\u00e9, pr\u00e9cisant que le Royaume a connu ces derni\u00e8res ann\u00e9es, en concr\u00e9tisation de la vision clairvoyante de SM le Roi Mohammed VI, un processus de r\u00e9formes d\u2019ordre juridique et proc\u00e9dural en vue de consacrer la participation f\u00e9minine dans les domaines politique, \u00e9conomique et social, qui donneront, sans nul doute, leurs fruits dans un avenir proche, sans omettre que les performances r\u00e9alis\u00e9es par les femmes souiries, dans et en dehors de la province, est une preuve in\u00e9luctable du saut qualitatif que conna\u00eet le statut de la femme au sein de la soci\u00e9t\u00e9 marocaine.<\/p>\n<p>Rappelant que le taux des auto-entreprises f\u00e9minines \u00e0 l\u2019\u00e9chelle de la province d\u2019Essaouira a connu une hausse de pr\u00e8s de 40% entre 2010 et 2020, M. El Maliki a, en outre, relev\u00e9 que les actions men\u00e9es par le Comit\u00e9 provincial de d\u00e9veloppement humain (CPDH), notamment celles d\u00e9di\u00e9es \u00e0 l\u2019am\u00e9lioration du revenu et \u00e0 l\u2019inclusion \u00e9conomique des jeunes, accordent une attention particuli\u00e8re \u00e0 l\u2019\u00e9l\u00e9ment f\u00e9minin qui a massivement particip\u00e9 aux deux pr\u00e9c\u00e9dentes caravanes de \u00ab\u00a0Maroc-Innov\u00a0\u00bb en 2019 et 2020, puisque 680 jeunes femmes y ont pris part sur un total de 1.540 participants, ce qui repr\u00e9sente un taux de 45%.<\/p>\n<div readability=\"118\">\n<p>Apr\u00e8s avoir mis en avant la th\u00e9matique retenue pour l\u2019\u00e9dition 2021 de ladite Caravane, le gouverneur a \u00e9mis le souhait de voir la participation des jeunes entrepreneures \u00e0 cet \u00e9v\u00e9nement atteindre, cette ann\u00e9e, un taux record.<\/p>\n<p>Par la suite, l\u2019assistance a \u00e9t\u00e9 convi\u00e9e \u00e0 suivre quatre pr\u00e9sentations, dont la premi\u00e8re a \u00e9t\u00e9 donn\u00e9e par Mme Jalila Bouhali, membre du CPDH et pr\u00e9sidente r\u00e9gionale de l\u2019Union nationale des femmes marocaines \u00e0 Essaouira, sur l\u2019importance que les femmes repr\u00e9sentent dans les programmes de la phase 3 de l\u2019INDH au niveau de la province.<\/p>\n<p>La 2\u00e8me pr\u00e9sentation portant sur le bilan du programme relatif \u00e0 l\u2019am\u00e9lioration du revenu et \u00e0 l\u2019inclusion \u00e9conomique des jeunes (2020-2021), a \u00e9t\u00e9 anim\u00e9e par Mme Sara Sahouane, cheffe de service \u00e0 la Division de l\u2019Action Sociale (DAS) de la pr\u00e9fecture d\u2019Essaouira, alors que le 3\u00e8me expos\u00e9 a \u00e9t\u00e9 pr\u00e9sent\u00e9 par M. Hicham Medromi, sur le bilan des deux premi\u00e8res \u00e9ditions de la Caravane \u00ab\u00a0Maroc Innov\u00a0\u00bb, ainsi que sur le programme de l\u2019\u00e9dition de 2021.<\/p>\n<p>Quant \u00e0 la 4\u00e8me et derni\u00e8re pr\u00e9sentation, anim\u00e9e par Mme Rajaa Bourhim, pr\u00e9sidente de la fondation des femmes d\u2019Essaouira pour le d\u00e9veloppement \u00e9conomique, elle a \u00e9t\u00e9 ax\u00e9e sur le projet \u00ab\u00a0Aylal\u00a0\u00bb, une p\u00e9pini\u00e8re d\u2019incubateurs pour le d\u00e9veloppement \u00e9conomique des femmes dans la province.<\/p>\n<p>Par la suite, une c\u00e9r\u00e9monie-hommage a \u00e9t\u00e9 organis\u00e9e au profit de plusieurs figures f\u00e9minines de la province, qui se sont d\u00e9marqu\u00e9es dans diff\u00e9rents domaines (sant\u00e9, autorit\u00e9 locale, sport\u2026) ainsi qu\u2019\u00e0 trois jeunes \u00e9l\u00e8ves, membres actives dans des clubs de coexistence et de tol\u00e9rance dans la diversit\u00e9 cr\u00e9\u00e9s au sein d\u2019\u00e9tablissements scolaires \u00e0 Essaouira.<\/p>\n<p>Ces femmes et ces jeunes filles souiries, fortement dynamiques et engag\u00e9es,\u00a0se sont ainsi vu remettre des troph\u00e9es comm\u00e9moratifs.<\/p>\n<p>Par ailleurs, des certificats de m\u00e9rite et de participation \u00e0 la formation et \u00e0 l\u2019accompagnement par la FRDISI ont \u00e9t\u00e9 remis \u00e0 quatre femmes souiries porteuses de projets.<\/p>\n<p>Un hommage tr\u00e8s appuy\u00e9 a \u00e9t\u00e9 aussi rendu \u00e0 trois grandes figures du paysage m\u00e9diatique national, en l\u2019occurrence Mmes Fadila Anouar (2M), Soumaya Dghoughi (M\u00e9di-1 TV) et Maryem Kassiri (Al Oula) qui ont re\u00e7u des troph\u00e9es comm\u00e9moratifs \u00e0 cette occasion.<\/p>\n<p>Cet \u00e9v\u00e9nement grandiose, rehauss\u00e9 par la pr\u00e9sence des pr\u00e9sidents des conseils provincial et communal d\u2019Essaouira, respectivement MM. Allal Jrari et Hicham Jebbari, du directeur g\u00e9n\u00e9ral du Centre R\u00e9gional d\u2019Investissement de Marrakech-Safi, M. Yassine Mseffer, du pr\u00e9sident du Conseil R\u00e9gional du Tourisme de Marrakech-Safi, M. Hamid Bentaher, des responsables de plusieurs services ext\u00e9rieurs, du vice-pr\u00e9sident du conseil communal et pr\u00e9sident du bureau ex\u00e9cutif de l\u2019association Essaouira-Mogador, M. Tarik Ottmani, ainsi que d\u2019autres personnalit\u00e9s issues de divers horizons, a \u00e9t\u00e9, en outre, ponctu\u00e9 de la signature de trois conventions de partenariat.<\/p>\n<p>La premi\u00e8re convention portant sur la cr\u00e9ation d\u2019un incubateur de projets a \u00e9t\u00e9 sign\u00e9e entre la pr\u00e9fecture de la province d\u2019Essaouira, le conseil provincial, le conseil communal et l\u2019agence Al-Omrane Essaouira-Chichaoua.<\/p>\n<p>La 2\u00e8me convention, conclue entre la pr\u00e9fecture de la province d\u2019Essaouira, la fondation des femmes d\u2019Essaouira pour le d\u00e9veloppement \u00e9conomique et la repr\u00e9sentation r\u00e9gionale de l\u2019Union nationale des femmes marocaines \u00e0 Essaouira, concerne le projet \u00ab\u00a0Aylal\u00a0\u00bb inh\u00e9rent \u00e0 une p\u00e9pini\u00e8re d\u2019incubateurs pour l\u2019autonomisation \u00e9conomique des femmes de la province.<\/p>\n<p>Quant \u00e0 la 3\u00e8me, paraph\u00e9e entre la pr\u00e9fecture de la province d\u2019Essaouira, la direction provinciale de l\u2019agriculture, la repr\u00e9sentation provinciale de l\u2019Agence nationale pour le d\u00e9veloppement des zones oasiennes et de l\u2019arganier (ANDZOA), l\u2019Union Mathia pour la production et la valorisation des produits agricoles et le Groupe d\u2019int\u00e9r\u00eat \u00e9conomique (GIE) \u00ab\u00a0Vitargan\u00a0\u00bb, elle est ax\u00e9e sur l\u2019appui des groupements de coop\u00e9ratives f\u00e9minines de l\u2019argan dans la province.<\/p>\n<p>Au menu de cet \u00e9v\u00e9nement, qui s\u2019est d\u00e9roul\u00e9 dans le strict respect des mesures pr\u00e9ventives anti-Covid-19, figuraient \u00e9galement l\u2019organisation de trois ateliers, dont le premier avait pour th\u00e9matique la \u00ab\u00a0Contribution des femmes entrepreneures au d\u00e9veloppement \u00e9conomique dans la province d\u2019Essaouira\u00a0\u00bb, alors que le deuxi\u00e8me a port\u00e9 sur les \u00ab\u00a0Produits de terroir, un levier de d\u00e9veloppement dans la province d\u2019Essaouira\u00a0\u00bb et le 3\u00e8me ax\u00e9 sur la \u00ab\u00a0Contribution de la femme souirie aux domaines de l\u2019art, de la cr\u00e9ativit\u00e9 et de la culture\u00a0\u00bb.<\/p>\n<\/div>\n<\/div>\n<p>Auteur: Meriem IGASS<br \/>\n<a href=\"http:\/\/www.mapmarrakech.ma\/fr\/lancement-de-la-3e-caravane-maroc-innov\/\">Cliquez ici pour lire l&rsquo;article depuis sa source.<\/a><\/p>\n","protected":false},"excerpt":{"rendered":"<p>Essaouira \u2013 Le coup d\u2019envoi de la 3\u00e8me \u00e9dition de la Caravane \u00ab\u00a0Maroc-Innov\u00a0\u00bb, initi\u00e9e cette ann\u00e9e sous le th\u00e8me \u00ab\u00a0Le r\u00f4le de l\u2019entreprise f\u00e9minine dans le d\u00e9veloppement \u00e9conomique de la province d\u2019Essaouira\u00a0\u00bb, \u00e9t\u00e9 donn\u00e9, lundi, lors d\u2019une c\u00e9r\u00e9monie tenue dans la Cit\u00e9 des Aliz\u00e9s et marqu\u00e9e par un hommage appuy\u00e9 rendu \u00e0 des figures f\u00e9minines [&hellip;]<\/p>\n","protected":false},"author":1788,"featured_media":0,"comment_status":"closed","ping_status":"closed","sticky":false,"template":"","format":"standard","meta":{"fifu_image_url":"","fifu_image_alt":"","footnotes":""},"categories":[54,76],"tags":[],"class_list":["post-112790","post","type-post","status-publish","format-standard","hentry","category-maroc","category-regions"],"_links":{"self":[{"href":"https:\/\/linitiative.ca\/International\/wp-json\/wp\/v2\/posts\/112790","targetHints":{"allow":["GET"]}}],"collection":[{"href":"https:\/\/linitiative.ca\/International\/wp-json\/wp\/v2\/posts"}],"about":[{"href":"https:\/\/linitiative.ca\/International\/wp-json\/wp\/v2\/types\/post"}],"author":[{"embeddable":true,"href":"https:\/\/linitiative.ca\/International\/wp-json\/wp\/v2\/users\/1788"}],"replies":[{"embeddable":true,"href":"https:\/\/linitiative.ca\/International\/wp-json\/wp\/v2\/comments?post=112790"}],"version-history":[{"count":0,"href":"https:\/\/linitiative.ca\/International\/wp-json\/wp\/v2\/posts\/112790\/revisions"}],"wp:attachment":[{"href":"https:\/\/linitiative.ca\/International\/wp-json\/wp\/v2\/media?parent=112790"}],"wp:term":[{"taxonomy":"category","embeddable":true,"href":"https:\/\/linitiative.ca\/International\/wp-json\/wp\/v2\/categories?post=112790"},{"taxonomy":"post_tag","embeddable":true,"href":"https:\/\/linitiative.ca\/International\/wp-json\/wp\/v2\/tags?post=112790"}],"curies":[{"name":"wp","href":"https:\/\/api.w.org\/{rel}","templated":true}]}}