{"id":112791,"date":"2021-03-08T18:02:14","date_gmt":"2021-03-08T23:02:14","guid":{"rendered":"https:\/\/linitiative.ca\/International\/convention-de-partenariat-dans-le-domaine-de-la-reinsertion-des-detenus\/"},"modified":"2021-03-08T18:02:14","modified_gmt":"2021-03-08T23:02:14","slug":"convention-de-partenariat-dans-le-domaine-de-la-reinsertion-des-detenus","status":"publish","type":"post","link":"https:\/\/linitiative.ca\/International\/convention-de-partenariat-dans-le-domaine-de-la-reinsertion-des-detenus\/","title":{"rendered":"Convention de partenariat dans le domaine de la r\u00e9insertion des d\u00e9tenus"},"content":{"rendered":"<div readability=\"37\">\n<p>Benguerir (province de Rehamna) \u2013 La Fondation Mohammed VI pour la r\u00e9insertion des d\u00e9tenus et le Comit\u00e9 provincial de d\u00e9veloppement humain (CPDH) de la province de Rehamna ont sign\u00e9 lundi, \u00e0 Benguerir, une convention de partenariat dans le domaine de la r\u00e9insertion des anciens d\u00e9tenus issus de cette province.<\/p>\n<\/div>\n<div readability=\"77\">\n<p class=\"MsoNormal\">Sign\u00e9e par le coordonnateur national de la Fondation Mohammed VI pour la r\u00e9insertion des d\u00e9tenus, M. Abdelouhed Jamali Idrissi, et le gouverneur de la province de Rehamna, M. Aziz Bouignane, en tant que pr\u00e9sident du CPDH, cette convention vise l\u2019appui et la cr\u00e9ation de tr\u00e8s petites entreprises et d\u2019activit\u00e9s g\u00e9n\u00e9ratrices de revenus (AGR) au profit des anciens d\u00e9tenus issus de cette partie du territoire national pour un co\u00fbt global de 1,2 million de DH (MDH).<\/p>\n<p class=\"MsoNormal\">En vertu de cet accord, le CPDH octroie un appui financier de l\u2019ordre de 1,2 MDH qui sera consacr\u00e9 au financement des AGR port\u00e9es par les anciens d\u00e9tenus.<\/p>\n<p class=\"MsoNormal\">La Fondation Mohammed VI pour la r\u00e9insertion des d\u00e9tenus \u0153uvrera, de son c\u00f4t\u00e9, \u00e0 superviser ces AGR \u00e0 travers l\u2019orientation des b\u00e9n\u00e9ficiaires issus de la province de Rehamna, la d\u00e9finition des listes des b\u00e9n\u00e9ficiaires porteurs d\u2019AGR et la r\u00e9alisation d\u2019une \u00e9tude sur la faisabilit\u00e9 socio\u00e9conomique de ces projets.<\/p>\n<p class=\"MsoNormal\">Elle veillera \u00e9galement \u00e0 l\u2019accompagnement des porteurs de projets et leur formation en fonction de leurs projets, le financement des projets conform\u00e9ment aux proc\u00e9dures relatives \u00e0 la r\u00e9insertion des d\u00e9tenus et le suivi des projets et l\u2019accompagnement des b\u00e9n\u00e9ficiaires.<\/p>\n<p class=\"MsoNormal\">La fondation \u0153uvre aussi \u00e0 fournir l\u2019appui technique et l\u2019accompagnement durant les phases de conception du projet \u00e0 m\u00eame de r\u00e9aliser un impact positif sur les b\u00e9n\u00e9ficiaires.<\/p>\n<p class=\"MsoNormal\">Les deux parties signataires s\u2019engagent conjointement pour la mise en \u0153uvre de cette convention en tenant en compte, d\u2019une part, des missions, de la philosophie et de l\u2019approche de l\u2019Initiative nationale pour le d\u00e9veloppement humain (INDH), de sa strat\u00e9gie et de sa m\u00e9thodologie et, d\u2019autre part, pour la r\u00e9alisation des objectifs du programme de la r\u00e9insertion socioprofessionnelle promu par la Fondation Mohammed VI pour la r\u00e9insertion des d\u00e9tenus.<\/p>\n<p>Cette convention a \u00e9t\u00e9 paraph\u00e9e en marge d\u2019une c\u00e9r\u00e9monie destin\u00e9e \u00e0 rendre hommage aux femmes pionni\u00e8res dans le domaine de la r\u00e9insertion des d\u00e9tenus au niveau de la r\u00e9gion Marrakech-Safi \u00e0 l\u2019occasion de la c\u00e9l\u00e9bration de la Journ\u00e9e Internationale de la Femme.<\/p>\n<\/div>\n<p>Auteur: Meriem IGASS<br \/>\n<a href=\"http:\/\/www.mapmarrakech.ma\/fr\/convention-de-partenariat-dans-le-domaine-de-la-reinsertion-des-detenus\/\">Cliquez ici pour lire l&rsquo;article depuis sa source.<\/a><\/p>\n","protected":false},"excerpt":{"rendered":"<p>Benguerir (province de Rehamna) \u2013 La Fondation Mohammed VI pour la r\u00e9insertion des d\u00e9tenus et le Comit\u00e9 provincial de d\u00e9veloppement humain (CPDH) de la province de Rehamna ont sign\u00e9 lundi, \u00e0 Benguerir, une convention de partenariat dans le domaine de la r\u00e9insertion des anciens d\u00e9tenus issus de cette province. Sign\u00e9e par le coordonnateur national de [&hellip;]<\/p>\n","protected":false},"author":1788,"featured_media":0,"comment_status":"closed","ping_status":"closed","sticky":false,"template":"","format":"standard","meta":{"fifu_image_url":"","fifu_image_alt":"","footnotes":""},"categories":[54,76],"tags":[],"class_list":["post-112791","post","type-post","status-publish","format-standard","hentry","category-maroc","category-regions"],"_links":{"self":[{"href":"https:\/\/linitiative.ca\/International\/wp-json\/wp\/v2\/posts\/112791","targetHints":{"allow":["GET"]}}],"collection":[{"href":"https:\/\/linitiative.ca\/International\/wp-json\/wp\/v2\/posts"}],"about":[{"href":"https:\/\/linitiative.ca\/International\/wp-json\/wp\/v2\/types\/post"}],"author":[{"embeddable":true,"href":"https:\/\/linitiative.ca\/International\/wp-json\/wp\/v2\/users\/1788"}],"replies":[{"embeddable":true,"href":"https:\/\/linitiative.ca\/International\/wp-json\/wp\/v2\/comments?post=112791"}],"version-history":[{"count":0,"href":"https:\/\/linitiative.ca\/International\/wp-json\/wp\/v2\/posts\/112791\/revisions"}],"wp:attachment":[{"href":"https:\/\/linitiative.ca\/International\/wp-json\/wp\/v2\/media?parent=112791"}],"wp:term":[{"taxonomy":"category","embeddable":true,"href":"https:\/\/linitiative.ca\/International\/wp-json\/wp\/v2\/categories?post=112791"},{"taxonomy":"post_tag","embeddable":true,"href":"https:\/\/linitiative.ca\/International\/wp-json\/wp\/v2\/tags?post=112791"}],"curies":[{"name":"wp","href":"https:\/\/api.w.org\/{rel}","templated":true}]}}