{"id":112792,"date":"2021-03-09T09:03:54","date_gmt":"2021-03-09T14:03:54","guid":{"rendered":"https:\/\/linitiative.ca\/International\/les-etudiants-de-lencg-marrakech-au-chevet-des-plus-demunis\/"},"modified":"2021-03-09T09:03:54","modified_gmt":"2021-03-09T14:03:54","slug":"les-etudiants-de-lencg-marrakech-au-chevet-des-plus-demunis","status":"publish","type":"post","link":"https:\/\/linitiative.ca\/International\/les-etudiants-de-lencg-marrakech-au-chevet-des-plus-demunis\/","title":{"rendered":"Les \u00e9tudiants de l\u2019ENCG Marrakech au chevet des plus d\u00e9munis"},"content":{"rendered":"<div class=\"single-featured\"><img alt=\"\" data-src=\"http:\/\/www.mapmarrakech.ma\/map\/uploads\/2021\/03\/caravane-encg-copier.jpg\"\/><\/div>\n<div class=\"single-post-excerpt post-excerpt-bc\" readability=\"35\">\n<p>Marrakech \u2013 Les clubs Jeunes Leaders Marocains (JLM) et \u00ab\u00a0ROTARACT\u00a0\u00bb de l\u2019Ecole Nationale de Commerce et de Gestion (ENCG) de Marrakech ont organis\u00e9 durant les mois de janvier et f\u00e9vrier derniers, deux caravanes humanitaires au profit des personnes d\u00e9munies.<\/p>\n<\/div>\n<div class=\"entry-content clearfix single-post-content\" readability=\"65\">\n<p>Cette initiative solidaire vise \u00e0 venir en aide aux personnes en situation de pr\u00e9carit\u00e9 issues des r\u00e9gions montagneuses et \u00e9loign\u00e9es notamment, en cette saison hivernale caract\u00e9ris\u00e9e par la baisse des temp\u00e9ratures et des chutes cons\u00e9quentes de neige, indique un communiqu\u00e9 de l\u2019ENCG de Marrakech.<\/p>\n<p>Baptis\u00e9es \u00ab\u00a0Joud\u00a0\u00bb et \u00ab\u00a0hiver \u00f4 chaud\u00a0\u00bb, ces actions sociales et solidaires ciblaient les douars d\u2019Ait Elkak et Aljamaan (dans les environs de Marrakech), dont les habitants ont pu b\u00e9n\u00e9ficier de paniers remplis de denr\u00e9es alimentaires, outre\u00a0 des couvertures et des v\u00eatements, pr\u00e9cise la m\u00eame source.<\/p>\n<p>Les \u00e9tudiants du club JLM ont \u00e9galement men\u00e9 des travaux de r\u00e9novation d\u2019une \u00e9cole, ainsi que d\u2019am\u00e9nagement d\u2019une biblioth\u00e8que.<\/p>\n<p>Ces deux actions organis\u00e9es dans le respect scrupuleux des mesures pr\u00e9ventives visant \u00e0 enrayer la propagation de la Covid-19, t\u00e9moignent de l\u2019implication des \u00e9tudiants de l\u2019ENCG Marrakech dans la vie associative et leur engagement pour une ENCG socialement responsable, souligne la m\u00eame source.<\/p>\n<p>L\u2019ENCG consid\u00e8re les activit\u00e9s para-universitaires comme \u00e9tant une partie int\u00e9grante et indissociable de la formation au sein de cet \u00e9tablissement d\u2019enseignement sup\u00e9rieur, rappelle-t-on.<\/p>\n<p>Les associations et Clubs repr\u00e9sentant l\u2019ensemble des \u00e9tudiants relevant de l\u2019ENCG-Marrakech, ont vu le jour dans le but de pr\u00e9server cette dimension.<\/p>\n<\/div>\n<p>Auteur: Meriem IGASS<br \/>\n<a href=\"http:\/\/www.mapmarrakech.ma\/fr\/les-etudiants-de-lencg-marrakech-au-chevet-des-plus-demunis\/\">Cliquez ici pour lire l&rsquo;article depuis sa source.<\/a><\/p>\n","protected":false},"excerpt":{"rendered":"<p>Marrakech \u2013 Les clubs Jeunes Leaders Marocains (JLM) et \u00ab\u00a0ROTARACT\u00a0\u00bb de l\u2019Ecole Nationale de Commerce et de Gestion (ENCG) de Marrakech ont organis\u00e9 durant les mois de janvier et f\u00e9vrier derniers, deux caravanes humanitaires au profit des personnes d\u00e9munies. Cette initiative solidaire vise \u00e0 venir en aide aux personnes en situation de pr\u00e9carit\u00e9 issues des [&hellip;]<\/p>\n","protected":false},"author":1788,"featured_media":0,"comment_status":"closed","ping_status":"closed","sticky":false,"template":"","format":"standard","meta":{"fifu_image_url":"http:\/\/www.mapmarrakech.ma\/map\/uploads\/2021\/03\/caravane-encg-copier.jpg","fifu_image_alt":"Les \u00e9tudiants de l\u2019ENCG Marrakech au chevet des plus d\u00e9munis","footnotes":""},"categories":[54,76],"tags":[],"class_list":["post-112792","post","type-post","status-publish","format-standard","hentry","category-maroc","category-regions"],"_links":{"self":[{"href":"https:\/\/linitiative.ca\/International\/wp-json\/wp\/v2\/posts\/112792","targetHints":{"allow":["GET"]}}],"collection":[{"href":"https:\/\/linitiative.ca\/International\/wp-json\/wp\/v2\/posts"}],"about":[{"href":"https:\/\/linitiative.ca\/International\/wp-json\/wp\/v2\/types\/post"}],"author":[{"embeddable":true,"href":"https:\/\/linitiative.ca\/International\/wp-json\/wp\/v2\/users\/1788"}],"replies":[{"embeddable":true,"href":"https:\/\/linitiative.ca\/International\/wp-json\/wp\/v2\/comments?post=112792"}],"version-history":[{"count":0,"href":"https:\/\/linitiative.ca\/International\/wp-json\/wp\/v2\/posts\/112792\/revisions"}],"wp:attachment":[{"href":"https:\/\/linitiative.ca\/International\/wp-json\/wp\/v2\/media?parent=112792"}],"wp:term":[{"taxonomy":"category","embeddable":true,"href":"https:\/\/linitiative.ca\/International\/wp-json\/wp\/v2\/categories?post=112792"},{"taxonomy":"post_tag","embeddable":true,"href":"https:\/\/linitiative.ca\/International\/wp-json\/wp\/v2\/tags?post=112792"}],"curies":[{"name":"wp","href":"https:\/\/api.w.org\/{rel}","templated":true}]}}