{"id":112793,"date":"2021-03-09T11:36:56","date_gmt":"2021-03-09T16:36:56","guid":{"rendered":"https:\/\/linitiative.ca\/International\/la-femme-et-le-sport-au-lendemain-de-la-pandemie-en-debats\/"},"modified":"2021-03-09T11:36:56","modified_gmt":"2021-03-09T16:36:56","slug":"la-femme-et-le-sport-au-lendemain-de-la-pandemie-en-debats","status":"publish","type":"post","link":"https:\/\/linitiative.ca\/International\/la-femme-et-le-sport-au-lendemain-de-la-pandemie-en-debats\/","title":{"rendered":"La femme et le sport au lendemain de la pand\u00e9mie en d\u00e9bats"},"content":{"rendered":"<div readability=\"37\">\n<p>Benguerir \u2013 \u00ab\u00a0La femme et le sport au lendemain de la pand\u00e9mie de la Covid-19\u00a0\u00bb a \u00e9t\u00e9 le th\u00e8me d\u2019un webinaire organis\u00e9, lundi, par l\u2019Olympique Club de Benguerir (OCBG) d\u2019Athl\u00e9tisme, \u00e0 l\u2019occasion de la Journ\u00e9e internationale de la femme.<\/p>\n<\/div>\n<div readability=\"116\">\n<p>Initi\u00e9 en partenariat avec l\u2019Institut Marocain de D\u00e9veloppement Local (IMADEL), cette rencontre \u00e0 distance a vu la participation d\u2019un parterre d\u2019acteurs et d\u2019experts, qui ont abord\u00e9, sous diff\u00e9rents angles, la th\u00e9matique de \u00ab\u00a0la femme et le sport\u00a0\u00bb, avec un focus sur la pratique du sport par la gent f\u00e9minine durant cette p\u00e9riode de crise sanitaire.<\/p>\n<p>S\u2019exprimant \u00e0 cette occasion, le pr\u00e9sident de l\u2019OCBG d\u2019athl\u00e9tisme, Hajjaj Moussaid, s\u2019est attard\u00e9 sur les avanc\u00e9es r\u00e9alis\u00e9es en mati\u00e8re de promotion des conditions de la femme marocaine, qui a \u00e9t\u00e9 au centre de plusieurs r\u00e9formes constitutionnelles, l\u00e9gislatives et institutionnelles, lui garantissant des droits de plus en plus \u00e9largis.<\/p>\n<p>Il a pass\u00e9 en revue les activit\u00e9s et manifestations organis\u00e9es par le club \u00e0 l\u2019occasion de la c\u00e9l\u00e9bration de la Journ\u00e9e internationale de la femme, notamment la course de Rehamna des gazelles depuis 2013, marqu\u00e9e par une forte participation des femmes et filles de la province, dont le nombre d\u00e9passe 2.400 participantes.<\/p>\n<p>De son c\u00f4t\u00e9, l\u2019ex ministre de l\u2019Education Nationale et Pr\u00e9sident de l\u2019Association \u00ab\u00a0Grand Atlas\u00a0\u00bb, Mohamed Knidiri s\u2019est arr\u00eat\u00e9 sur les diff\u00e9rentes courses et activit\u00e9s organis\u00e9es au profit de la femme par son association, afin de promouvoir le sport f\u00e9minin, tout en assurant les conditions favorables \u00e0 la pratique du sport.<\/p>\n<p>M. Knidiri n\u2019a pas manqu\u00e9 de mettre en avant la place de choix qu\u2019occupe le Marathon International de Marrakech, dont il assurait la direction, sur l\u2019\u00e9chiquier des grandes manifestations de cette discipline \u00e0 l\u2019\u00e9chelle mondiale.<\/p>\n<p>Pour sa part, le directeur de l\u2019Institut des sciences m\u00e9dicales, biologiques et des m\u00e9tiers de sant\u00e9 \u00e0 l\u2019Universit\u00e9 Mohammed VI Polytechnique (UM6P) de Benguerir, Gabriel Malka, a mis l\u2019accent sur les vertus et les retomb\u00e9es positives de la pratique du sport sur la sant\u00e9 de la femme.<\/p>\n<p>Quant au vice-pr\u00e9sident de la commune de Benguerir, charg\u00e9 du sport et de la culture, Ali Jebouj, il a abord\u00e9 l\u2019\u00e9volution de l\u2019offre sportive au niveau de la ville depuis 2010, notant que le chef-lieu de la province de Rehamna dispose actuellement de diverses infrastructures sportives, de terrains de proximit\u00e9 dans plusieurs quartiers, d\u2019une salle omnisports, d\u2019un centre de formation d\u2019athl\u00e9tisme, de piscines et de clubs de tir et karting\u2026<\/p>\n<p>D\u2019autre part, M. Rachid Chemlal, pr\u00e9sident de la ligue d\u2019athl\u00e9tisme, membre du bureau ex\u00e9cutif de la F\u00e9d\u00e9ration Royale Marocaine d\u2019Athl\u00e9tisme (FRMA), a \u00e9voqu\u00e9 la reprise des comp\u00e9titions de cette discipline au niveau de la r\u00e9gion dans le respect strict du protocole sanitaire en vigueur pour endiguer la propagation de la Covid-19, ainsi que la forte participation des filles aux diff\u00e9rentes comp\u00e9titions.<\/p>\n<p>Enfin, l\u2019ex-championne du Rugby, charg\u00e9e du sport \u00e0 la ville Sant Boi, en Catalogne (Espagne), Mme Monica Garcia, a mis l\u2019accent sur les avanc\u00e9es r\u00e9alis\u00e9es en mati\u00e8re d\u2019approche genre et de lutte contre toute forme de discrimination, tout en s\u2019attardant sur la pratique du sport dans sa ville pendant la p\u00e9riode de la pand\u00e9mie.<\/p>\n<\/div>\n<p>Auteur: Meriem IGASS<br \/>\n<a href=\"http:\/\/www.mapmarrakech.ma\/fr\/la-femme-et-le-sport-au-lendemain-de-la-pandemie-en-debats\/\">Cliquez ici pour lire l&rsquo;article depuis sa source.<\/a><\/p>\n","protected":false},"excerpt":{"rendered":"<p>Benguerir \u2013 \u00ab\u00a0La femme et le sport au lendemain de la pand\u00e9mie de la Covid-19\u00a0\u00bb a \u00e9t\u00e9 le th\u00e8me d\u2019un webinaire organis\u00e9, lundi, par l\u2019Olympique Club de Benguerir (OCBG) d\u2019Athl\u00e9tisme, \u00e0 l\u2019occasion de la Journ\u00e9e internationale de la femme. Initi\u00e9 en partenariat avec l\u2019Institut Marocain de D\u00e9veloppement Local (IMADEL), cette rencontre \u00e0 distance a vu [&hellip;]<\/p>\n","protected":false},"author":1788,"featured_media":0,"comment_status":"closed","ping_status":"closed","sticky":false,"template":"","format":"standard","meta":{"fifu_image_url":"","fifu_image_alt":"","footnotes":""},"categories":[54,76],"tags":[],"class_list":["post-112793","post","type-post","status-publish","format-standard","hentry","category-maroc","category-regions"],"_links":{"self":[{"href":"https:\/\/linitiative.ca\/International\/wp-json\/wp\/v2\/posts\/112793","targetHints":{"allow":["GET"]}}],"collection":[{"href":"https:\/\/linitiative.ca\/International\/wp-json\/wp\/v2\/posts"}],"about":[{"href":"https:\/\/linitiative.ca\/International\/wp-json\/wp\/v2\/types\/post"}],"author":[{"embeddable":true,"href":"https:\/\/linitiative.ca\/International\/wp-json\/wp\/v2\/users\/1788"}],"replies":[{"embeddable":true,"href":"https:\/\/linitiative.ca\/International\/wp-json\/wp\/v2\/comments?post=112793"}],"version-history":[{"count":0,"href":"https:\/\/linitiative.ca\/International\/wp-json\/wp\/v2\/posts\/112793\/revisions"}],"wp:attachment":[{"href":"https:\/\/linitiative.ca\/International\/wp-json\/wp\/v2\/media?parent=112793"}],"wp:term":[{"taxonomy":"category","embeddable":true,"href":"https:\/\/linitiative.ca\/International\/wp-json\/wp\/v2\/categories?post=112793"},{"taxonomy":"post_tag","embeddable":true,"href":"https:\/\/linitiative.ca\/International\/wp-json\/wp\/v2\/tags?post=112793"}],"curies":[{"name":"wp","href":"https:\/\/api.w.org\/{rel}","templated":true}]}}