{"id":112794,"date":"2021-03-09T11:40:05","date_gmt":"2021-03-09T16:40:05","guid":{"rendered":"https:\/\/linitiative.ca\/International\/fortes-pluies-localement-orageuses-et-fortes-rafales-de-vent\/"},"modified":"2021-03-09T11:40:05","modified_gmt":"2021-03-09T16:40:05","slug":"fortes-pluies-localement-orageuses-et-fortes-rafales-de-vent","status":"publish","type":"post","link":"https:\/\/linitiative.ca\/International\/fortes-pluies-localement-orageuses-et-fortes-rafales-de-vent\/","title":{"rendered":"Fortes pluies localement orageuses et fortes rafales de vent"},"content":{"rendered":"<div readability=\"34\">\n<p>De fortes pluies localement orageuses et de fortes rafales de vent sont attendues mardi dans plusieurs provinces du Royaume, a annonc\u00e9 la Direction g\u00e9n\u00e9rale de la m\u00e9t\u00e9orologie (DGM).<\/p>\n<\/div>\n<div readability=\"75\">\n<p>De fortes pluies localement orageuses (20 \u00e0 30 mm) sont pr\u00e9vues mardi de 15h00 \u00e0 22h00 dans les provinces d\u2019Errachidia, Figuig, Midelt, Ouarzazate, Tinguir et Zagora, tandis qu\u2019elles sont attendues du mardi \u00e0 15h00 au mercredi \u00e0 6h00 dans les provinces de Berkane, Nador et Oujda-Angad, a pr\u00e9cis\u00e9 mardi la DGM dans une alerte m\u00e9t\u00e9orologique de niveau orange.<\/p>\n<p>De m\u00eame, de fortes rafales de vent (75 \u00e0 85 km\/h) toucheront mardi les provinces d\u2019Assa-Zag, Boujdour, Es-Semara, Guelmim, La\u00e2youne, Oued Ed-Dahab, Sidi Ifni, Tan Tan, Tarfaya et Zagora, fait savoir la m\u00eame source.<\/p>\n<p>Par ailleurs, des rafales de vent assez fortes (60 \u00e0 75 km\/h) persisteront mercredi sur les provinces d\u2019Aousserd, Boujdour, Errachidia, Essaouira, Figuig, La\u00e2youne, Midelt, Oued Ed-Dahab et Tarfaya, pr\u00e9cise la DGM, ajoutant que des chasse-sables fr\u00e9quentes sont pr\u00e9vues mardi et mercredi sur l\u2019int\u00e9rieur des provinces sud.<\/p>\n<p>Quelques chutes de neige (5 \u00e0 15 cm) int\u00e9resseront du mardi \u00e0 15h00 au mercredi \u00e0 06h00 les reliefs du Haut et du Moyen Atlas \u00e0 partir de 1.700 m, selon la Direction.<\/p>\n<\/div>\n<p>Auteur: Meriem IGASS<br \/>\n<a href=\"http:\/\/www.mapmarrakech.ma\/fr\/fortes-pluies-localement-orageuses-et-fortes-rafales-de-vent\/\">Cliquez ici pour lire l&rsquo;article depuis sa source.<\/a><\/p>\n","protected":false},"excerpt":{"rendered":"<p>De fortes pluies localement orageuses et de fortes rafales de vent sont attendues mardi dans plusieurs provinces du Royaume, a annonc\u00e9 la Direction g\u00e9n\u00e9rale de la m\u00e9t\u00e9orologie (DGM). De fortes pluies localement orageuses (20 \u00e0 30 mm) sont pr\u00e9vues mardi de 15h00 \u00e0 22h00 dans les provinces d\u2019Errachidia, Figuig, Midelt, Ouarzazate, Tinguir et Zagora, tandis [&hellip;]<\/p>\n","protected":false},"author":1788,"featured_media":0,"comment_status":"closed","ping_status":"closed","sticky":false,"template":"","format":"standard","meta":{"fifu_image_url":"","fifu_image_alt":"","footnotes":""},"categories":[54,76],"tags":[],"class_list":["post-112794","post","type-post","status-publish","format-standard","hentry","category-maroc","category-regions"],"_links":{"self":[{"href":"https:\/\/linitiative.ca\/International\/wp-json\/wp\/v2\/posts\/112794","targetHints":{"allow":["GET"]}}],"collection":[{"href":"https:\/\/linitiative.ca\/International\/wp-json\/wp\/v2\/posts"}],"about":[{"href":"https:\/\/linitiative.ca\/International\/wp-json\/wp\/v2\/types\/post"}],"author":[{"embeddable":true,"href":"https:\/\/linitiative.ca\/International\/wp-json\/wp\/v2\/users\/1788"}],"replies":[{"embeddable":true,"href":"https:\/\/linitiative.ca\/International\/wp-json\/wp\/v2\/comments?post=112794"}],"version-history":[{"count":0,"href":"https:\/\/linitiative.ca\/International\/wp-json\/wp\/v2\/posts\/112794\/revisions"}],"wp:attachment":[{"href":"https:\/\/linitiative.ca\/International\/wp-json\/wp\/v2\/media?parent=112794"}],"wp:term":[{"taxonomy":"category","embeddable":true,"href":"https:\/\/linitiative.ca\/International\/wp-json\/wp\/v2\/categories?post=112794"},{"taxonomy":"post_tag","embeddable":true,"href":"https:\/\/linitiative.ca\/International\/wp-json\/wp\/v2\/tags?post=112794"}],"curies":[{"name":"wp","href":"https:\/\/api.w.org\/{rel}","templated":true}]}}