{"id":112795,"date":"2021-03-08T17:37:59","date_gmt":"2021-03-08T22:37:59","guid":{"rendered":"https:\/\/linitiative.ca\/International\/des-rencontres-regionales-pour-la-promotion-de-la-parite-en-politique\/"},"modified":"2021-03-08T17:37:59","modified_gmt":"2021-03-08T22:37:59","slug":"des-rencontres-regionales-pour-la-promotion-de-la-parite-en-politique","status":"publish","type":"post","link":"https:\/\/linitiative.ca\/International\/des-rencontres-regionales-pour-la-promotion-de-la-parite-en-politique\/","title":{"rendered":"Des rencontres r\u00e9gionales pour la promotion de la parit\u00e9 en politique"},"content":{"rendered":"<div class=\"single-featured\"><img alt=\"\" data-src=\"http:\/\/www.mapoujda.ma\/map\/uploads\/2020\/09\/Si\u00e8ge-de-la-CNDH-M750\u00d7430-MAP.jpg\"\/><\/div>\n<div class=\"entry-content clearfix single-post-content\" readability=\"64\">\n<p class=\"c4\">Le Conseil national des droits de l\u2019Homme organise, du 9 au 27 mars une s\u00e9rie de rencontres r\u00e9gionales sur la parit\u00e9, en tant que fondement constitutionnel de lutte contre la discrimination.<\/p>\n<p class=\"c4\">Ces rencontres, qui verront la participation d\u2019acteurs institutionnels, civils, politiques et syndicaux, seront organis\u00e9es \u00e0 F\u00e8s-Meknes le 9 mars, \u00e0 La\u00e2youne-Sakia El Hamra (12 mars), \u00e0 Dr\u00e2a-Tafilalet (16 mars), \u00e0 Tanger-T\u00e9touan-Al Hoceima (19 mars) et \u00e0 l\u2019Oriental (27 mars) et seront ponctu\u00e9es par une rencontre nationale le 22 mars.<\/p>\n<p class=\"c4\">Ces rencontres, qui s\u2019inscrivent dans le d\u00e9bat soci\u00e9tal sur la promotion de l\u2019acc\u00e8s des femmes aux postes politiques, visent notamment \u00e0 examiner la r\u00e9alit\u00e9 de la parit\u00e9 \u00e0 la lumi\u00e8re des lois \u00e9lectorales et des donn\u00e9es sociales, \u00e9conomiques et culturelles, ainsi que les acquis r\u00e9alis\u00e9s par le Maroc et les d\u00e9fis \u00e0 relever en la mati\u00e8re.<\/p>\n<p class=\"c4\">Les travaux de ces rencontres seront ax\u00e9s sur la position des femmes sur la carte \u00e9lectorale, les d\u00e9fis qui se dressent devant la participation politique f\u00e9minine et les moyens de r\u00e9aliser une r\u00e9forme globale, sur la base de la constitution (articles 19 et 30), la convention sur l\u2019\u00e9limination de toutes les formes de discrimination \u00e0 l\u2019\u00e9gard des femmes et la recommandation g\u00e9n\u00e9rale n\u00b0 23 sur la femme dans la vie politique et publique.<\/p>\n<\/div>\n<p>Auteur: Soufiane ELAHMAR<br \/>\n<a href=\"http:\/\/www.mapoujda.ma\/fr\/des-rencontres-regionales-pour-la-promotion-de-la-parite-en-politique\/\">Cliquez ici pour lire l&rsquo;article depuis sa source.<\/a><\/p>\n","protected":false},"excerpt":{"rendered":"<p>Le Conseil national des droits de l\u2019Homme organise, du 9 au 27 mars une s\u00e9rie de rencontres r\u00e9gionales sur la parit\u00e9, en tant que fondement constitutionnel de lutte contre la discrimination. Ces rencontres, qui verront la participation d\u2019acteurs institutionnels, civils, politiques et syndicaux, seront organis\u00e9es \u00e0 F\u00e8s-Meknes le 9 mars, \u00e0 La\u00e2youne-Sakia El Hamra (12 [&hellip;]<\/p>\n","protected":false},"author":1788,"featured_media":0,"comment_status":"closed","ping_status":"closed","sticky":false,"template":"","format":"standard","meta":{"fifu_image_url":"http:\/\/www.mapoujda.ma\/map\/uploads\/2020\/09\/Si\u00e8ge-de-la-CNDH-M750\u00d7430-MAP.jpg","fifu_image_alt":"Des rencontres r\u00e9gionales pour la promotion de la parit\u00e9 en politique","footnotes":""},"categories":[54,76],"tags":[],"class_list":["post-112795","post","type-post","status-publish","format-standard","hentry","category-maroc","category-regions"],"_links":{"self":[{"href":"https:\/\/linitiative.ca\/International\/wp-json\/wp\/v2\/posts\/112795","targetHints":{"allow":["GET"]}}],"collection":[{"href":"https:\/\/linitiative.ca\/International\/wp-json\/wp\/v2\/posts"}],"about":[{"href":"https:\/\/linitiative.ca\/International\/wp-json\/wp\/v2\/types\/post"}],"author":[{"embeddable":true,"href":"https:\/\/linitiative.ca\/International\/wp-json\/wp\/v2\/users\/1788"}],"replies":[{"embeddable":true,"href":"https:\/\/linitiative.ca\/International\/wp-json\/wp\/v2\/comments?post=112795"}],"version-history":[{"count":0,"href":"https:\/\/linitiative.ca\/International\/wp-json\/wp\/v2\/posts\/112795\/revisions"}],"wp:attachment":[{"href":"https:\/\/linitiative.ca\/International\/wp-json\/wp\/v2\/media?parent=112795"}],"wp:term":[{"taxonomy":"category","embeddable":true,"href":"https:\/\/linitiative.ca\/International\/wp-json\/wp\/v2\/categories?post=112795"},{"taxonomy":"post_tag","embeddable":true,"href":"https:\/\/linitiative.ca\/International\/wp-json\/wp\/v2\/tags?post=112795"}],"curies":[{"name":"wp","href":"https:\/\/api.w.org\/{rel}","templated":true}]}}