{"id":112797,"date":"2021-03-09T08:21:50","date_gmt":"2021-03-09T13:21:50","guid":{"rendered":"https:\/\/linitiative.ca\/International\/maroc-les-femmes-representent-plus-de-la-moitie-de-la-population-en-2020\/"},"modified":"2021-03-09T08:21:50","modified_gmt":"2021-03-09T13:21:50","slug":"maroc-les-femmes-representent-plus-de-la-moitie-de-la-population-en-2020","status":"publish","type":"post","link":"https:\/\/linitiative.ca\/International\/maroc-les-femmes-representent-plus-de-la-moitie-de-la-population-en-2020\/","title":{"rendered":"Maroc: Les femmes repr\u00e9sentent plus de la moiti\u00e9 de la population en 2020"},"content":{"rendered":"<p class=\"c4\">Les femmes ont repr\u00e9sent\u00e9 plus de la moiti\u00e9 (50,3%) de la population totale durant l\u2019ann\u00e9e \u00e9coul\u00e9e, selon le Haut-Commissariat au Plan (HCP).<\/p>\n<p class=\"c4\">Selon le statut matrimonial, parmi les femmes de 15 ans ou plus, 28,1% sont c\u00e9libataires, 57,8% sont mari\u00e9es, 10,8% sont veuves et 3,3% sont divorc\u00e9es, pr\u00e9cise le HCP qui vient de publier une note d\u2019information \u00e0 l\u2019occasion de la Journ\u00e9e internationale des droits des femmes.<\/p>\n<p class=\"c4\">Sur les 8.438.000 m\u00e9nages en 2020, 16,7% sont dirig\u00e9s par des femmes, fait savoir la m\u00eame source, notant que cette part est plus \u00e9lev\u00e9e en milieu urbain (19,1%) qu\u2019en milieu rural (11,4%).<\/p>\n<p class=\"c4\">En outre, le HCP souligne que la situation sanitaire des femmes, appr\u00e9hend\u00e9e \u00e0 travers le taux de mortalit\u00e9 maternelle, t\u00e9moigne d\u2019une nette am\u00e9lioration. Cet indicateur est pass\u00e9 de 112 d\u00e9c\u00e8s pour 100.000 naissances vivantes en 2010 \u00e0 72,6 d\u00e9c\u00e8s en 2018 (111,1 en rural et de 44,5 en urbain). En 2018, 70,8% des femmes utilisent une m\u00e9thode contraceptive qu\u2019elle soit moderne ou traditionnelle.<\/p>\n<p class=\"c4\">Ladite note fait aussi ressortir que pendant le confinement en 2020, parmi les 6% des m\u00e9nages ayant des femmes concern\u00e9es par la sant\u00e9 reproductive, 34% n\u2019ont pas acc\u00e9d\u00e9 aux services de sant\u00e9 (27% en urbain et 39% en rural).<\/p>\n<p class=\"c4\">C\u00f4t\u00e9 \u00e9ducation et formation, si l\u2019acc\u00e8s \u00e0 l\u2019\u00e9cole est presque assur\u00e9 pour l\u2019enseignement primaire, les niveaux pr\u00e9scolaire, coll\u00e9gial et qualifiant accusent des d\u00e9ficits. En effet, le taux net de scolarisation, en 2020, est de 71,9% au pr\u00e9scolaire, 66,8% au secondaire coll\u00e9gial et 37,5% au niveau qualifiant, rel\u00e8ve le HCP, ajoutant que l\u2019indice de parit\u00e9 filles\/gar\u00e7ons s\u2019est \u00e9tabli \u00e0 0,96 au primaire, 0,92 au secondaire coll\u00e9gial et \u00e0 1,1 au secondaire qualifiant.<\/p>\n<p class=\"c4\">La proportion des femmes adultes (\u00e2g\u00e9es de 25 ans et plus) sans niveau d\u2019instruction est estim\u00e9e \u00e0 52,9% durant l\u2019ann\u00e9e \u00e9coul\u00e9e. Cette proportion est de 18,5% pour le primaire, 21% pour le coll\u00e9gial et le secondaire et 7,6% pour le sup\u00e9rieur.<\/p>\n<p class=\"c4\">Par ailleurs, le HCP fait savoir qu\u2019en 2019, la proportion des entreprises dirig\u00e9es par des femmes a atteint 12,8%. La femme dirigeante est plus pr\u00e9sente dans le secteur des services (17,3%), suivi du commerce (13,8%), de l\u2019industrie (12,6%) et de la construction (2,6%).<\/p>\n<p class=\"c4\">M\u00eame si les femmes dirigeantes apparaissent moins dans les grandes entreprises (8%), elles sont plus pr\u00e9sentes dans les tr\u00e8s petites entreprises (13,4%) et au sein des petites et moyennes entreprises (10,2%), indique la m\u00eame source, pr\u00e9cisant que 18% des entreprises individuelles et 11% des soci\u00e9t\u00e9s anonymes (SA) et des soci\u00e9t\u00e9s \u00e0 responsabilit\u00e9 limit\u00e9e (SARL) sont g\u00e9r\u00e9es par des femmes.<\/p>\n<p class=\"c4\">Dans la fonction publique, les femmes aux postes de responsabilit\u00e9 repr\u00e9sentent 23,5%, alors que le nombre de si\u00e8ges occup\u00e9s par les femmes au niveau de la chambre des repr\u00e9sentants est de 20,5% et la part de leurs si\u00e8ges dans les conseils territoriaux est de 20,9%.<\/p>\n<p>Auteur: Soufiane ELAHMAR<br \/>\n<a href=\"http:\/\/www.mapoujda.ma\/fr\/maroc-les-femmes-representent-plus-de-la-moitie-de-la-population-en-2020\/\">Cliquez ici pour lire l&rsquo;article depuis sa source.<\/a><\/p>\n","protected":false},"excerpt":{"rendered":"<p>Les femmes ont repr\u00e9sent\u00e9 plus de la moiti\u00e9 (50,3%) de la population totale durant l\u2019ann\u00e9e \u00e9coul\u00e9e, selon le Haut-Commissariat au Plan (HCP). Selon le statut matrimonial, parmi les femmes de 15 ans ou plus, 28,1% sont c\u00e9libataires, 57,8% sont mari\u00e9es, 10,8% sont veuves et 3,3% sont divorc\u00e9es, pr\u00e9cise le HCP qui vient de publier une [&hellip;]<\/p>\n","protected":false},"author":1788,"featured_media":0,"comment_status":"closed","ping_status":"closed","sticky":false,"template":"","format":"standard","meta":{"fifu_image_url":"","fifu_image_alt":"","footnotes":""},"categories":[54,76],"tags":[],"class_list":["post-112797","post","type-post","status-publish","format-standard","hentry","category-maroc","category-regions"],"_links":{"self":[{"href":"https:\/\/linitiative.ca\/International\/wp-json\/wp\/v2\/posts\/112797","targetHints":{"allow":["GET"]}}],"collection":[{"href":"https:\/\/linitiative.ca\/International\/wp-json\/wp\/v2\/posts"}],"about":[{"href":"https:\/\/linitiative.ca\/International\/wp-json\/wp\/v2\/types\/post"}],"author":[{"embeddable":true,"href":"https:\/\/linitiative.ca\/International\/wp-json\/wp\/v2\/users\/1788"}],"replies":[{"embeddable":true,"href":"https:\/\/linitiative.ca\/International\/wp-json\/wp\/v2\/comments?post=112797"}],"version-history":[{"count":0,"href":"https:\/\/linitiative.ca\/International\/wp-json\/wp\/v2\/posts\/112797\/revisions"}],"wp:attachment":[{"href":"https:\/\/linitiative.ca\/International\/wp-json\/wp\/v2\/media?parent=112797"}],"wp:term":[{"taxonomy":"category","embeddable":true,"href":"https:\/\/linitiative.ca\/International\/wp-json\/wp\/v2\/categories?post=112797"},{"taxonomy":"post_tag","embeddable":true,"href":"https:\/\/linitiative.ca\/International\/wp-json\/wp\/v2\/tags?post=112797"}],"curies":[{"name":"wp","href":"https:\/\/api.w.org\/{rel}","templated":true}]}}