{"id":112798,"date":"2021-03-09T10:41:33","date_gmt":"2021-03-09T15:41:33","guid":{"rendered":"https:\/\/linitiative.ca\/International\/marche-du-travail-faible-participation-des-femmes\/"},"modified":"2021-03-09T10:41:33","modified_gmt":"2021-03-09T15:41:33","slug":"marche-du-travail-faible-participation-des-femmes","status":"publish","type":"post","link":"https:\/\/linitiative.ca\/International\/marche-du-travail-faible-participation-des-femmes\/","title":{"rendered":"March\u00e9 du travail : Faible participation des femmes"},"content":{"rendered":"<p class=\"c4\">La participation des femmes au march\u00e9 du travail au Maroc demeure faible, avec un taux d\u2019activit\u00e9 de 19,9% en 2020 contre 70,4% pour les hommes, selon le Haut-Commissariat au Plan (HCP).<\/p>\n<p class=\"c4\">Ainsi, plus de huit femmes sur dix sont en dehors du march\u00e9 de travail, rel\u00e8ve le HCP qui vient de publier une note d\u2019information \u00e0 l\u2019occasion de la Journ\u00e9e internationale des droits des femmes.<\/p>\n<p class=\"c4\">Quant au taux d\u2019emploi des femmes, il est presque le quart de celui des hommes (16,7% contre 62,9%). Le secteur de l\u2019agriculture, for\u00eat et p\u00eache reste le premier employeur des femmes (44,8%), suivi des services (40,4%) et de l\u2019industrie y compris l\u2019artisanat (14,2%).<\/p>\n<p class=\"c4\">Le HCP fait \u00e9galement savoir que pr\u00e8s de la moiti\u00e9 (47,3%) des femmes occup\u00e9es travaillent en tant que salari\u00e9es (51,7% pour les hommes), 17,7% des auto-employ\u00e9es (contre 39,8% pour les hommes) et 35% occupent des emplois non r\u00e9mun\u00e9r\u00e9s (contre 8,6% pour les hommes).<\/p>\n<p class=\"c4\">Et d\u2019ajouter: \u00ab\u00a0Pr\u00e8s de 28% des femmes actives occup\u00e9es b\u00e9n\u00e9ficient d\u2019une couverture m\u00e9dicale contre 23,9% parmi les hommes. Pour les salari\u00e9s, cette part est de 57,3% contre 43,3% pour les hommes. La part des femmes salari\u00e9es ne disposant d\u2019aucun contrat s\u2019\u00e9l\u00e8ve \u00e0 43,2% contre 58,2% parmi les hommes\u00a0\u00bb.<\/p>\n<p class=\"c4\">Selon la profession, 8,6% des femmes actives occup\u00e9es travaillent en tant que responsables hi\u00e9rarchiques, cadres sup\u00e9rieurs et membres des professions lib\u00e9rales (contre 3,8% pour les hommes), ce qui correspond \u00e0 un taux de f\u00e9minisation de 38%. Les cadres moyens repr\u00e9sentent 6,3% des femmes actives occup\u00e9es (contre 2,4% pour les hommes), avec un taux de f\u00e9minisation de 41,6%.<\/p>\n<p class=\"c4\">Parall\u00e8lement, ladite note indique que le taux de ch\u00f4mage des femmes a connu une tendance \u00e0 la baisse durant les trois derni\u00e8res ann\u00e9es passant de 14,7% \u00e0 13,5% entre 2017 et 2019, puis a augment\u00e9 de 2,7 points en 2020 sous l\u2019effet combin\u00e9 de la pand\u00e9mie et de la s\u00e9cheresse.<\/p>\n<p class=\"c4\">En 2020, ce taux a enregistr\u00e9 une hausse aussi bien en milieu rural qu\u2019en milieu urbain, respectivement de 2,7% \u00e0 3,9% et de 21,8% \u00e0 24,7%, pr\u00e9cise la m\u00eame source.<\/p>\n<p class=\"c4\">Par ailleurs, le HCP fait remarquer que les femmes consacrent 20,8% de leur temps journalier aux travaux domestiques et seulement 5,6% aux activit\u00e9s professionnelles. Les hommes consacrent, \u00e0 l\u2019inverse des femmes, plus de temps aux activit\u00e9s professionnelles (22,6%) qu\u2019\u00e0 celles domestiques (3%).<\/p>\n<p class=\"c4\">L\u2019activit\u00e9 professionnelle de la femme ne la lib\u00e8re pas, cependant, de ses responsabilit\u00e9s familiales. Elle continue \u00e0 supporter les charges des travaux domestiques en leur consacrant quotidiennement 4h18mn, soit \u00e0 peine 1h 42mn de moins que la femme au foyer.<\/p>\n<p class=\"c4\">C\u2019est ainsi qu\u2019en cumulant \u00e0 la fois le temps allou\u00e9 aux activit\u00e9s professionnelles et domestiques, la charge de travail quotidienne de la femme active occup\u00e9e atteint en moyenne 6h 21mn (5h47 mn en urbain et 7h13 mn en rural), rel\u00e8ve le HCP, notant que le poids du temps r\u00e9serv\u00e9 aux activit\u00e9s domestiques repr\u00e9sente 79% de cette charge.<\/p>\n<p class=\"c4\">En 2020, la charge de travail domestique support\u00e9e par les femmes a augment\u00e9 en moyenne journali\u00e8re de 33 minutes pendant la p\u00e9riode de confinement en comparaison \u00e0 une journ\u00e9e normale avant le confinement.<\/p>\n<p>Auteur: Soufiane ELAHMAR<br \/>\n<a href=\"http:\/\/www.mapoujda.ma\/fr\/marche-du-travail-faible-participation-des-femmes\/\">Cliquez ici pour lire l&rsquo;article depuis sa source.<\/a><\/p>\n","protected":false},"excerpt":{"rendered":"<p>La participation des femmes au march\u00e9 du travail au Maroc demeure faible, avec un taux d\u2019activit\u00e9 de 19,9% en 2020 contre 70,4% pour les hommes, selon le Haut-Commissariat au Plan (HCP). Ainsi, plus de huit femmes sur dix sont en dehors du march\u00e9 de travail, rel\u00e8ve le HCP qui vient de publier une note d\u2019information [&hellip;]<\/p>\n","protected":false},"author":1788,"featured_media":0,"comment_status":"closed","ping_status":"closed","sticky":false,"template":"","format":"standard","meta":{"fifu_image_url":"","fifu_image_alt":"","footnotes":""},"categories":[54,76],"tags":[],"class_list":["post-112798","post","type-post","status-publish","format-standard","hentry","category-maroc","category-regions"],"_links":{"self":[{"href":"https:\/\/linitiative.ca\/International\/wp-json\/wp\/v2\/posts\/112798","targetHints":{"allow":["GET"]}}],"collection":[{"href":"https:\/\/linitiative.ca\/International\/wp-json\/wp\/v2\/posts"}],"about":[{"href":"https:\/\/linitiative.ca\/International\/wp-json\/wp\/v2\/types\/post"}],"author":[{"embeddable":true,"href":"https:\/\/linitiative.ca\/International\/wp-json\/wp\/v2\/users\/1788"}],"replies":[{"embeddable":true,"href":"https:\/\/linitiative.ca\/International\/wp-json\/wp\/v2\/comments?post=112798"}],"version-history":[{"count":0,"href":"https:\/\/linitiative.ca\/International\/wp-json\/wp\/v2\/posts\/112798\/revisions"}],"wp:attachment":[{"href":"https:\/\/linitiative.ca\/International\/wp-json\/wp\/v2\/media?parent=112798"}],"wp:term":[{"taxonomy":"category","embeddable":true,"href":"https:\/\/linitiative.ca\/International\/wp-json\/wp\/v2\/categories?post=112798"},{"taxonomy":"post_tag","embeddable":true,"href":"https:\/\/linitiative.ca\/International\/wp-json\/wp\/v2\/tags?post=112798"}],"curies":[{"name":"wp","href":"https:\/\/api.w.org\/{rel}","templated":true}]}}