{"id":112799,"date":"2021-03-09T10:58:39","date_gmt":"2021-03-09T15:58:39","guid":{"rendered":"https:\/\/linitiative.ca\/International\/ceremonie-a-berkane-a-loccasion-de-la-journee-internationale-de-la-femme\/"},"modified":"2021-03-09T10:58:39","modified_gmt":"2021-03-09T15:58:39","slug":"ceremonie-a-berkane-a-loccasion-de-la-journee-internationale-de-la-femme","status":"publish","type":"post","link":"https:\/\/linitiative.ca\/International\/ceremonie-a-berkane-a-loccasion-de-la-journee-internationale-de-la-femme\/","title":{"rendered":"C\u00e9r\u00e9monie \u00e0 Berkane \u00e0 l\u2019occasion de la Journ\u00e9e internationale de la femme"},"content":{"rendered":"<p class=\"c4\">Une c\u00e9r\u00e9monie \u00e0 l\u2019occasion de la Journ\u00e9e internationale de la femme a \u00e9t\u00e9 organis\u00e9e, lundi \u00e0 Berkane, au cours de laquelle un hommage appuy\u00e9 \u00e0 \u00e9t\u00e9 rendu \u00e0 plusieurs femmes qui s\u2019activent dans diff\u00e9rents domaines au niveau de la province.<\/p>\n<p class=\"c4\">La c\u00e9r\u00e9monie, pr\u00e9sid\u00e9e par le gouverneur de la province de Berkane, Mohamed Ali Habouha, a constitu\u00e9 une occasion pour mettre en avant les succ\u00e8s enregistr\u00e9s par les femmes de la province en particulier et celles du Maroc en g\u00e9n\u00e9ral.<\/p>\n<p class=\"c4\">La c\u00e9l\u00e9bration de cette Journ\u00e9e permet de faire le point sur les acquis et r\u00e9alisations enregistr\u00e9s en mati\u00e8re de promotion de la situation de la femme, en tant qu\u2019acteur principal dans les programmes et politiques de d\u00e9veloppement, ont soulign\u00e9 les intervenants \u00e0 cette occasion.<\/p>\n<p class=\"c4\">Ils se sont arr\u00eat\u00e9s dans ce sens sur les avanc\u00e9es du Maroc dans le domaine de la cons\u00e9cration des droits des femmes, rappelant les r\u00e9formes constitutionnelles, l\u00e9gislatives et institutionnelles qui garantissent aux femmes des droits de plus en plus \u00e9largis et favorisent son adh\u00e9sion au processus de d\u00e9veloppement social et \u00e9conomique engag\u00e9 par le Royaume.<\/p>\n<p class=\"c4\">Des femmes pr\u00e9sentes \u00e0 cette c\u00e9r\u00e9monie, tenue dans le respect des mesures pr\u00e9ventives en vigueur pour la lutte contre la propagation du coronavirus, ont salu\u00e9 hautement cette initiative, formant le v\u0153u de voir les droits et acquis accomplis en faveur de la femme marocaine se renforcer davantage.<\/p>\n<p class=\"c4\">Cet hommage est un motif de fiert\u00e9 et une source de motivation pour les femmes de Berkane afin de conforter leur contribution au processus de d\u00e9veloppement socio-\u00e9conomique que conna\u00eet cette province, ont-elles affirm\u00e9.<\/p>\n<p class=\"c4\">Intervenant \u00e0 cette occasion, M. Habouha a insist\u00e9 sur la compl\u00e9mentarit\u00e9 entre les femmes et les hommes, faisant remarquer que les femmes ont une place d\u00e9terminante et apportent une contribution tr\u00e8s forte \u00e0 la soci\u00e9t\u00e9.<\/p>\n<p class=\"c4\">Il a not\u00e9 que cette c\u00e9r\u00e9monie qui c\u00e9l\u00e8bre la femme et ses r\u00e9alisations dans nombre de domaines et \u00e0 tous les niveaux dans l\u2019ensemble du territoire de la province, traduit la reconnaissance de la comp\u00e9tence de la gent f\u00e9minine.<\/p>\n<p class=\"c4\">Outre l\u2019hommage rendu \u00e0 plusieurs femmes, la c\u00e9r\u00e9monie a \u00e9t\u00e9 agr\u00e9ment\u00e9e par des activit\u00e9s artistiques, \u00e0 travers deux pi\u00e8ces de th\u00e9\u00e2tre qui parlent de la femme interpr\u00e9t\u00e9es par des filles relevant du Centre Al Fadl pour le d\u00e9veloppement humain (Berkane) et de l\u2019Association Al Amal pour personnes \u00e0 besoins sp\u00e9cifiques (commune d\u2019Aklim).<\/p>\n<p>Auteur: Soufiane ELAHMAR<br \/>\n<a href=\"http:\/\/www.mapoujda.ma\/fr\/ceremonie-a-berkane-a-loccasion-de-la-journee-internationale-de-la-femme\/\">Cliquez ici pour lire l&rsquo;article depuis sa source.<\/a><\/p>\n","protected":false},"excerpt":{"rendered":"<p>Une c\u00e9r\u00e9monie \u00e0 l\u2019occasion de la Journ\u00e9e internationale de la femme a \u00e9t\u00e9 organis\u00e9e, lundi \u00e0 Berkane, au cours de laquelle un hommage appuy\u00e9 \u00e0 \u00e9t\u00e9 rendu \u00e0 plusieurs femmes qui s\u2019activent dans diff\u00e9rents domaines au niveau de la province. La c\u00e9r\u00e9monie, pr\u00e9sid\u00e9e par le gouverneur de la province de Berkane, Mohamed Ali Habouha, a [&hellip;]<\/p>\n","protected":false},"author":1788,"featured_media":0,"comment_status":"closed","ping_status":"closed","sticky":false,"template":"","format":"standard","meta":{"fifu_image_url":"","fifu_image_alt":"","footnotes":""},"categories":[54,76],"tags":[],"class_list":["post-112799","post","type-post","status-publish","format-standard","hentry","category-maroc","category-regions"],"_links":{"self":[{"href":"https:\/\/linitiative.ca\/International\/wp-json\/wp\/v2\/posts\/112799","targetHints":{"allow":["GET"]}}],"collection":[{"href":"https:\/\/linitiative.ca\/International\/wp-json\/wp\/v2\/posts"}],"about":[{"href":"https:\/\/linitiative.ca\/International\/wp-json\/wp\/v2\/types\/post"}],"author":[{"embeddable":true,"href":"https:\/\/linitiative.ca\/International\/wp-json\/wp\/v2\/users\/1788"}],"replies":[{"embeddable":true,"href":"https:\/\/linitiative.ca\/International\/wp-json\/wp\/v2\/comments?post=112799"}],"version-history":[{"count":0,"href":"https:\/\/linitiative.ca\/International\/wp-json\/wp\/v2\/posts\/112799\/revisions"}],"wp:attachment":[{"href":"https:\/\/linitiative.ca\/International\/wp-json\/wp\/v2\/media?parent=112799"}],"wp:term":[{"taxonomy":"category","embeddable":true,"href":"https:\/\/linitiative.ca\/International\/wp-json\/wp\/v2\/categories?post=112799"},{"taxonomy":"post_tag","embeddable":true,"href":"https:\/\/linitiative.ca\/International\/wp-json\/wp\/v2\/tags?post=112799"}],"curies":[{"name":"wp","href":"https:\/\/api.w.org\/{rel}","templated":true}]}}