{"id":112801,"date":"2021-03-09T09:44:05","date_gmt":"2021-03-09T14:44:05","guid":{"rendered":"https:\/\/linitiative.ca\/International\/rabat-lambassade-de-linde-celebre-les-femmes\/"},"modified":"2021-03-09T09:44:05","modified_gmt":"2021-03-09T14:44:05","slug":"rabat-lambassade-de-linde-celebre-les-femmes","status":"publish","type":"post","link":"https:\/\/linitiative.ca\/International\/rabat-lambassade-de-linde-celebre-les-femmes\/","title":{"rendered":"Rabat: L\u2019ambassade de l\u2019Inde c\u00e9l\u00e8bre les femmes"},"content":{"rendered":"<p class=\"rtejustify\">L&rsquo;Ambassade de l&rsquo;Inde \u00e0 Rabat a c\u00e9l\u00e9br\u00e9, lundi 8 mars, la journ\u00e9e internationale des droits des femmes. La repr\u00e9sentation diplomatique a ainsi mis en avant les femmes r\u00e9put\u00e9es dans divers secteurs \u00e0 l\u2019\u00e9chelle mondiale lors d\u2019une c\u00e9r\u00e9monie en pr\u00e9sence de personnalit\u00e9s de divers secteurs (banques, sant\u00e9, \u00e9ducation, diplomatie\u2026).<\/p>\n<p class=\"rtejustify\">Dans sa d\u00e9claration, Neeraj Agrawal, charg\u00e9 d&rsquo;affaires \u00e0 l\u2019ambassade indienne, a cit\u00e9 des exemples de nombreuses femmes performantes telles que Gita Gopinath, chef \u00e9conomiste du Fonds mon\u00e9taire international (FMI), qui jouent un r\u00f4le important dans la lutte contre la pand\u00e9mie du Covid-19. Le diplomate a aussi salu\u00e9 les mesures royales et du gouvernement marocain en faveur de l&rsquo;\u00e9galit\u00e9 des sexes et de l\u2019\u00e9mancipation des femmes, y compris la r\u00e9cente directive royale portant sur la pr\u00e9sentation de 30% de femmes candidates aux prochaines \u00e9lections g\u00e9n\u00e9rales.<\/p>\n<p class=\"rtejustify\">\u00ab A l&rsquo;instar du Royaume du Maroc, le gouvernement indien, sous la direction de l&rsquo;honorable Premier Ministre Narendra Modi, d\u00e9ploie \u00e9galement beaucoup d&rsquo;efforts pour l&rsquo;\u00e9galit\u00e9 des sexes, de meilleures conditions de travail et la participation des femmes au processus de prise de d\u00e9cision \u00bb, a ainsi relev\u00e9 Neeraj Agrawal.<\/p>\n<p class=\"rtejustify\">\u00a0<\/p>\n<p>Auteur: mbasraoui<br \/>\n<a href=\"https:\/\/www.leconomiste.com\/flash-infos\/rabat-l-ambassade-de-l-inde-celebre-les-femmes\">Cliquez ici pour lire l&rsquo;article depuis sa source.<\/a><\/p>\n","protected":false},"excerpt":{"rendered":"<p>L&rsquo;Ambassade de l&rsquo;Inde \u00e0 Rabat a c\u00e9l\u00e9br\u00e9, lundi 8 mars, la journ\u00e9e internationale des droits des femmes. La repr\u00e9sentation diplomatique a ainsi mis en avant les femmes r\u00e9put\u00e9es dans divers secteurs \u00e0 l\u2019\u00e9chelle mondiale lors d\u2019une c\u00e9r\u00e9monie en pr\u00e9sence de personnalit\u00e9s de divers secteurs (banques, sant\u00e9, \u00e9ducation, diplomatie\u2026). Dans sa d\u00e9claration, Neeraj Agrawal, charg\u00e9 d&rsquo;affaires [&hellip;]<\/p>\n","protected":false},"author":1763,"featured_media":0,"comment_status":"closed","ping_status":"closed","sticky":false,"template":"","format":"standard","meta":{"fifu_image_url":"","fifu_image_alt":"","footnotes":""},"categories":[78,54],"tags":[],"class_list":["post-112801","post","type-post","status-publish","format-standard","hentry","category-economie","category-maroc"],"_links":{"self":[{"href":"https:\/\/linitiative.ca\/International\/wp-json\/wp\/v2\/posts\/112801","targetHints":{"allow":["GET"]}}],"collection":[{"href":"https:\/\/linitiative.ca\/International\/wp-json\/wp\/v2\/posts"}],"about":[{"href":"https:\/\/linitiative.ca\/International\/wp-json\/wp\/v2\/types\/post"}],"author":[{"embeddable":true,"href":"https:\/\/linitiative.ca\/International\/wp-json\/wp\/v2\/users\/1763"}],"replies":[{"embeddable":true,"href":"https:\/\/linitiative.ca\/International\/wp-json\/wp\/v2\/comments?post=112801"}],"version-history":[{"count":0,"href":"https:\/\/linitiative.ca\/International\/wp-json\/wp\/v2\/posts\/112801\/revisions"}],"wp:attachment":[{"href":"https:\/\/linitiative.ca\/International\/wp-json\/wp\/v2\/media?parent=112801"}],"wp:term":[{"taxonomy":"category","embeddable":true,"href":"https:\/\/linitiative.ca\/International\/wp-json\/wp\/v2\/categories?post=112801"},{"taxonomy":"post_tag","embeddable":true,"href":"https:\/\/linitiative.ca\/International\/wp-json\/wp\/v2\/tags?post=112801"}],"curies":[{"name":"wp","href":"https:\/\/api.w.org\/{rel}","templated":true}]}}