{"id":112802,"date":"2021-03-09T09:45:43","date_gmt":"2021-03-09T14:45:43","guid":{"rendered":"https:\/\/linitiative.ca\/International\/fes-passage-de-temoins-a-la-direction-de-la-radeef\/"},"modified":"2021-03-09T09:45:43","modified_gmt":"2021-03-09T14:45:43","slug":"fes-passage-de-temoins-a-la-direction-de-la-radeef","status":"publish","type":"post","link":"https:\/\/linitiative.ca\/International\/fes-passage-de-temoins-a-la-direction-de-la-radeef\/","title":{"rendered":"F\u00e8s: Passage de t\u00e9moins \u00e0 la direction de la RADEEF"},"content":{"rendered":"<p class=\"rtejustify\">Aboukir Hanafi remplace Youssef Laklalech \u00e0 la t\u00eate de la R\u00e9gie autonome d&rsquo;eau et d&rsquo;\u00e9lectricit\u00e9 de F\u00e8s (RADEEF). Le nouveau directeur a \u00e9t\u00e9 install\u00e9, ce mardi, par Laeila Hammouchi, gouverneur au minist\u00e8re de l&rsquo;Int\u00e9rieur.<\/p>\n<p class=\"rtejustify\">Le nouveau responsable de la r\u00e9gie est un ing\u00e9nieur de formation. Laur\u00e9at de l&rsquo;\u00e9cole Mohammadia, il a d\u00e9j\u00e0 pr\u00e9sid\u00e9 aux destin\u00e9es de plusieurs r\u00e9gies, notamment celle d&rsquo;Oujda. A F\u00e8s, il h\u00e9rite des arri\u00e9r\u00e9s des administrations et des collectivit\u00e9s locales qui s\u2019\u00e9l\u00e8vent \u00e0 plus de 900 millions de DH. Sa nomination \u00e0 la t\u00eate de la RADEEF devrait donner un nouveau souffle \u00e0 cette entreprise qui a du pain sur la planche. En effet, la r\u00e9gie avait lanc\u00e9, en 2018, un programme portant sur la restauration des canaux d\u2019\u00e9vacuation des eaux us\u00e9es sur 6.370m, l\u2019extension des canalisations sur 8.535m, et l\u2019agrandissement de la station de traitement des eaux us\u00e9es et des boues.<\/p>\n<p class=\"rtejustify\">D\u2019une dur\u00e9e de r\u00e9alisation de 3 ans (2018-2021), ces chantiers sont financ\u00e9s par la Radeef (300 millions de DH), le minist\u00e8re de l\u2019Int\u00e9rieur (40 millions de DH), et le Secr\u00e9tariat d\u2019Etat charg\u00e9 du d\u00e9veloppement durable (60 millions de DH). Le plan directeur d\u2019assainissement liquide de la ville de F\u00e8s a \u00e9t\u00e9 \u00e9labor\u00e9, sous la conduite de la Radeef et avec la supervision d\u2019un comit\u00e9 provincial multidisciplinaire. Ce dernier regroupe l\u2019ensemble des intervenants concern\u00e9s par la probl\u00e9matique de l\u2019environnement en g\u00e9n\u00e9ral et celle de l\u2019assainissement liquide. La premi\u00e8re tranche des travaux r\u00e9alis\u00e9s s\u2019\u00e9l\u00e8ve \u00e0 pr\u00e8s de 1,5 milliard de DH.<\/p>\n<p class=\"rtejustify\">Ainsi, le plan directeur d\u2019assainissement liquide a pr\u00e9conis\u00e9 de rendre propres les oueds la traversant par la pose de canalisations pour l\u2019acheminement des eaux us\u00e9es jusqu\u2019\u00e0 la station d\u2019\u00e9puration (Step) et la fermeture des acc\u00e8s directs \u00e0 ces oueds qui servaient de points de d\u00e9charge d\u2019ordures et autres d\u00e9chets solides.<\/p>\n<p class=\"rtejustify\"><em>Y.S.A<\/em><\/p>\n<p class=\"rtejustify\">\u00a0<\/p>\n<p>Auteur: mbasraoui<br \/>\n<a href=\"https:\/\/www.leconomiste.com\/flash-infos\/fes-passage-de-temoins-la-direction-de-la-radeef\">Cliquez ici pour lire l&rsquo;article depuis sa source.<\/a><\/p>\n","protected":false},"excerpt":{"rendered":"<p>Aboukir Hanafi remplace Youssef Laklalech \u00e0 la t\u00eate de la R\u00e9gie autonome d&rsquo;eau et d&rsquo;\u00e9lectricit\u00e9 de F\u00e8s (RADEEF). Le nouveau directeur a \u00e9t\u00e9 install\u00e9, ce mardi, par Laeila Hammouchi, gouverneur au minist\u00e8re de l&rsquo;Int\u00e9rieur. Le nouveau responsable de la r\u00e9gie est un ing\u00e9nieur de formation. Laur\u00e9at de l&rsquo;\u00e9cole Mohammadia, il a d\u00e9j\u00e0 pr\u00e9sid\u00e9 aux destin\u00e9es [&hellip;]<\/p>\n","protected":false},"author":1763,"featured_media":0,"comment_status":"closed","ping_status":"closed","sticky":false,"template":"","format":"standard","meta":{"fifu_image_url":"","fifu_image_alt":"","footnotes":""},"categories":[78,54],"tags":[],"class_list":["post-112802","post","type-post","status-publish","format-standard","hentry","category-economie","category-maroc"],"_links":{"self":[{"href":"https:\/\/linitiative.ca\/International\/wp-json\/wp\/v2\/posts\/112802","targetHints":{"allow":["GET"]}}],"collection":[{"href":"https:\/\/linitiative.ca\/International\/wp-json\/wp\/v2\/posts"}],"about":[{"href":"https:\/\/linitiative.ca\/International\/wp-json\/wp\/v2\/types\/post"}],"author":[{"embeddable":true,"href":"https:\/\/linitiative.ca\/International\/wp-json\/wp\/v2\/users\/1763"}],"replies":[{"embeddable":true,"href":"https:\/\/linitiative.ca\/International\/wp-json\/wp\/v2\/comments?post=112802"}],"version-history":[{"count":0,"href":"https:\/\/linitiative.ca\/International\/wp-json\/wp\/v2\/posts\/112802\/revisions"}],"wp:attachment":[{"href":"https:\/\/linitiative.ca\/International\/wp-json\/wp\/v2\/media?parent=112802"}],"wp:term":[{"taxonomy":"category","embeddable":true,"href":"https:\/\/linitiative.ca\/International\/wp-json\/wp\/v2\/categories?post=112802"},{"taxonomy":"post_tag","embeddable":true,"href":"https:\/\/linitiative.ca\/International\/wp-json\/wp\/v2\/tags?post=112802"}],"curies":[{"name":"wp","href":"https:\/\/api.w.org\/{rel}","templated":true}]}}