{"id":112803,"date":"2021-03-09T09:56:57","date_gmt":"2021-03-09T14:56:57","guid":{"rendered":"https:\/\/linitiative.ca\/International\/bei-67-milliards-de-dh-mobilises-au-maroc-en-2020\/"},"modified":"2021-03-09T09:56:57","modified_gmt":"2021-03-09T14:56:57","slug":"bei-67-milliards-de-dh-mobilises-au-maroc-en-2020","status":"publish","type":"post","link":"https:\/\/linitiative.ca\/International\/bei-67-milliards-de-dh-mobilises-au-maroc-en-2020\/","title":{"rendered":"BEI: 6,7 milliards de DH mobilis\u00e9s au Maroc en 2020"},"content":{"rendered":"<p class=\"rtejustify\">La Banque Europ\u00e9enne d&rsquo;Investissement (BEI) a mobilis\u00e9 617 millions d&rsquo;euros de financements (pr\u00e8s de 6,7 milliards de DH en faveur du Maroc en 2020, a indiqu\u00e9 mardi la repr\u00e9sentante de la banque au Maroc, Anna Barone.<\/p>\n<p class=\"rtejustify\">Cette enveloppe constitue le double de l\u2019activit\u00e9 par rapport \u00e0 2019, en raison notamment de la pand\u00e9mie de Covid-19, a soulign\u00e9 Barone lors d\u2019un w\u00e9binaire. Dans le d\u00e9tail, les financements ont concern\u00e9 en priorit\u00e9 la sant\u00e9 (200 millions d\u2019euros), le soutien aux PME agricoles (200 millions d\u2019euros), le renforcement de la Caisse Centrale de Garantie (CCG) pour fournir des liquidit\u00e9s au secteur priv\u00e9 (150 millions d\u2019euros) et le soutien au secteur automobile (54 millions d\u2019euros). L\u2019institution europ\u00e9enne a, en outre, appuy\u00e9 les micro-entrepreneurs \u00e0 travers deux op\u00e9rations dans le secteur de la microfinance (13 millions d\u2019euros).<\/p>\n<p class=\"rtejustify\">La Banque s&rsquo;est fortement mobilis\u00e9e dans le cadre de l\u2019initiative Team Europe afin de fournir un soutien urgent et rapide au Royaume dans sa lutte contre la pand\u00e9mie de Covid-19, a soulign\u00e9 Anna Barone. La BEI a ainsi apport\u00e9 des aides de tr\u00e9sorerie imm\u00e9diates et acc\u00e9l\u00e9r\u00e9es, \u00e0 titre exceptionnel le d\u00e9boursement de pr\u00eats d\u00e9j\u00e0 sign\u00e9s pour soutenir les PME, a expliqu\u00e9 Barone, notant que le total des d\u00e9caissements de la Banque en 2020 a \u00e9t\u00e9 tripl\u00e9 par rapport \u00e0 2018.<\/p>\n<p class=\"rtejustify\">\u00a0<\/p>\n<p>Auteur: mbasraoui<br \/>\n<a href=\"https:\/\/www.leconomiste.com\/flash-infos\/bei-6-7-milliards-de-dh-mobilises-au-maroc-en-2020\">Cliquez ici pour lire l&rsquo;article depuis sa source.<\/a><\/p>\n","protected":false},"excerpt":{"rendered":"<p>La Banque Europ\u00e9enne d&rsquo;Investissement (BEI) a mobilis\u00e9 617 millions d&rsquo;euros de financements (pr\u00e8s de 6,7 milliards de DH en faveur du Maroc en 2020, a indiqu\u00e9 mardi la repr\u00e9sentante de la banque au Maroc, Anna Barone. Cette enveloppe constitue le double de l\u2019activit\u00e9 par rapport \u00e0 2019, en raison notamment de la pand\u00e9mie de Covid-19, [&hellip;]<\/p>\n","protected":false},"author":1763,"featured_media":0,"comment_status":"closed","ping_status":"closed","sticky":false,"template":"","format":"standard","meta":{"fifu_image_url":"","fifu_image_alt":"","footnotes":""},"categories":[78,54],"tags":[],"class_list":["post-112803","post","type-post","status-publish","format-standard","hentry","category-economie","category-maroc"],"_links":{"self":[{"href":"https:\/\/linitiative.ca\/International\/wp-json\/wp\/v2\/posts\/112803","targetHints":{"allow":["GET"]}}],"collection":[{"href":"https:\/\/linitiative.ca\/International\/wp-json\/wp\/v2\/posts"}],"about":[{"href":"https:\/\/linitiative.ca\/International\/wp-json\/wp\/v2\/types\/post"}],"author":[{"embeddable":true,"href":"https:\/\/linitiative.ca\/International\/wp-json\/wp\/v2\/users\/1763"}],"replies":[{"embeddable":true,"href":"https:\/\/linitiative.ca\/International\/wp-json\/wp\/v2\/comments?post=112803"}],"version-history":[{"count":0,"href":"https:\/\/linitiative.ca\/International\/wp-json\/wp\/v2\/posts\/112803\/revisions"}],"wp:attachment":[{"href":"https:\/\/linitiative.ca\/International\/wp-json\/wp\/v2\/media?parent=112803"}],"wp:term":[{"taxonomy":"category","embeddable":true,"href":"https:\/\/linitiative.ca\/International\/wp-json\/wp\/v2\/categories?post=112803"},{"taxonomy":"post_tag","embeddable":true,"href":"https:\/\/linitiative.ca\/International\/wp-json\/wp\/v2\/tags?post=112803"}],"curies":[{"name":"wp","href":"https:\/\/api.w.org\/{rel}","templated":true}]}}