{"id":112806,"date":"2021-03-09T11:00:00","date_gmt":"2021-03-09T16:00:00","guid":{"rendered":"https:\/\/linitiative.ca\/International\/espace-feminin-les-pionnieres-espagnoles\/"},"modified":"2021-03-09T11:00:00","modified_gmt":"2021-03-09T16:00:00","slug":"espace-feminin-les-pionnieres-espagnoles","status":"publish","type":"post","link":"https:\/\/linitiative.ca\/International\/espace-feminin-les-pionnieres-espagnoles\/","title":{"rendered":"Espace f\u00e9minin\u2026 les Pionni\u00e8res espagnoles"},"content":{"rendered":"<p class=\"p1 c3\"><span class=\"c2\"><strong>Le Temps-Sayda Ben ZINEB<\/strong><\/span><\/p>\n<p class=\"p1 c3\"><span class=\"c2\"><strong>A l\u2019occasion de la Journ\u00e9e Internationale de la Femme (08 mars), l\u2019Institut Cervant\u00e8s propose tout au long du mois, un cycle autour du th\u00e8me : \u00abEspace f\u00e9minin\u2026 Pionni\u00e8res\u00bb, consacr\u00e9 aux<span class=\"Apple-converted-space\">\u00a0<\/span> cinq cin\u00e9astes<span class=\"Apple-converted-space\">\u00a0<\/span> espagnoles de renom et reconnues pour leur engagement<span class=\"Apple-converted-space\">\u00a0<\/span> malgr\u00e9 le fait que le temps ait jou\u00e9 contre elles.<span class=\"Apple-converted-space\">\u00a0<\/span> Ces femmes cr\u00e9atrices<span class=\"Apple-converted-space\">\u00a0<\/span> ont fait leurs d\u00e9buts en tant que r\u00e9alisatrices dans les ann\u00e9es 1950 et 1960, et ont donc \u00e9t\u00e9 les pionni\u00e8res dans l&rsquo;histoire de la cin\u00e9matographie espagnole. <span class=\"Apple-converted-space\">\u00a0<\/span><\/strong><\/span><\/p>\n<p class=\"p1 c4\"><span class=\"c2\">Le cycle<span class=\"Apple-converted-space\">\u00a0<\/span> \u00abEspace f\u00e9minin\u2026Pionni\u00e8res\u00bb l\u00e8vera le voile sur : Margarita Alexandre, Cecilia Bartolom\u00e9, Ana Mariscal, Pilar Mir\u00f3 et Josefina Molina. <span class=\"Apple-converted-space\">\u00a0<\/span><\/span><\/p>\n<p class=\"p1 c4\"><span class=\"c2\"><span class=\"Apple-converted-space\">\u00a0<\/span> Ana Mariscal a \u00e9t\u00e9 la premi\u00e8re femme \u00e0 r\u00e9aliser un film en Espagne apr\u00e8s la guerre civile. En 1953, elle r\u00e9alise \u00ab Segundo L\u00f3pez, aventurero urbano \u00bb, une grande com\u00e9die avec un personnage dans la tradition du picaresque espagnol, influenc\u00e9 par l&rsquo;esth\u00e9tique n\u00e9or\u00e9aliste ;<span class=\"Apple-converted-space\">\u00a0<\/span> c&rsquo;est le premier film du cycle. <span class=\"Apple-converted-space\">\u00a0<\/span><\/span><\/p>\n<p class=\"p1 c4\"><span class=\"c2\"><span class=\"Apple-converted-space\">\u00a0<\/span>Margarita Alexandre a quant \u00e0 elle, cor\u00e9alis\u00e9 avec Rafael Torrecilla, le drame rural \u00abLa gata\u00bb (La chatte) se d\u00e9roulant dans la campagne andalouse ; le premier film tourn\u00e9 en Cin\u00e9mascope en 1956, avec une photographie soign\u00e9e et de beaux paysages, accompagn\u00e9s par la guitare flamenco de Manuel Hern\u00e1ndez et \u00c1ureo Herrero. <span class=\"Apple-converted-space\">\u00a0<\/span><\/span><\/p>\n<p class=\"p1 c4\"><span class=\"c2\"><span class=\"Apple-converted-space\">\u00a0<\/span>En 1979, Pilar Miro a r\u00e9alis\u00e9 le troisi\u00e8me film du cycle : \u00ab Le crime de Cuenca \u00bb, censur\u00e9 en raison de son th\u00e8me controvers\u00e9 qui montre une attitude criminelle de la part des forces de l&rsquo;ordre et il n&rsquo;a pu sortir que deux ans apr\u00e8s son tournage. <span class=\"Apple-converted-space\">\u00a0<\/span><\/span><\/p>\n<p class=\"p1 c4\"><span class=\"c2\"><span class=\"Apple-converted-space\">\u00a0<\/span>Josefina Molina, l\u2019autre cin\u00e9aste, a r\u00e9alis\u00e9 en 1981 en pleine \u00abtransition\u00bb et <span class=\"Apple-converted-space\">\u00a0<\/span> dans la m\u00eame ann\u00e9e que l\u2019adoption en Espagne de la loi sur le divorce, \u00abFuncion de noche\u00bb,<span class=\"Apple-converted-space\">\u00a0<\/span> o\u00f9 sont analys\u00e9es les causes de l&rsquo;\u00e9chec d&rsquo;une relation conjugale, entrela\u00e7ant naturellement le personnel et le politique.<\/span><\/p>\n<p class=\"p1 c4\"><span class=\"c2\"><span class=\"Apple-converted-space\">\u00a0<\/span>La r\u00e9alisatrice joue<span class=\"Apple-converted-space\">\u00a0<\/span> \u00e0 naviguer dans ce film,<span class=\"Apple-converted-space\">\u00a0<\/span> dans les limites floues du documentaire et de la fiction. <span class=\"Apple-converted-space\">\u00a0<\/span><\/span><\/p>\n<p class=\"p1 c4\"><span class=\"c2\">Le cycle \u00ab Espace f\u00e9minin\u2026 Pionni\u00e8res \u00bb propose enfin pour le bonheur des cin\u00e9philes,<span class=\"Apple-converted-space\">\u00a0<\/span> \u00ab Despu\u00e9s de\u2026 \u00bb (1981).<span class=\"Apple-converted-space\">\u00a0<\/span> R\u00e9alis\u00e9 par Cecilia et Jos\u00e9 Juan Bartolom\u00e9, le documentaire est divis\u00e9 en deux parties, \u00abNo se os puede dejar solos\u00bb et \u00abAtado y bien atado\u00bb qui sont constitu\u00e9es d&rsquo;une mosa\u00efque de t\u00e9moignages et de portraits de la soci\u00e9t\u00e9 espagnole de 1979 \u00e01980, publi\u00e9e peu avant la tentative de coup d&rsquo;\u00c9tat du 23 f\u00e9vrier 1981. <span class=\"Apple-converted-space\">\u00a0<\/span><\/span><\/p>\n<p class=\"p1 c4\"><span class=\"c2\">Aujourd\u2019hui, ce travail documentaire est consid\u00e9r\u00e9 comme un jalon important de l\u2019histoire du cin\u00e9ma en Espagne, car ces t\u00e9moignages ont permis de comprendre la diversit\u00e9 d\u2019une jeune soci\u00e9t\u00e9 qui r\u00e9fl\u00e9chissait sur son pass\u00e9 et sur la fa\u00e7on de construire son futur.<span class=\"Apple-converted-space\">\u00a0<\/span><\/span><\/p>\n<p class=\"p2 c5\"><span class=\"c2\"><strong><span class=\"Apple-converted-space\">\u00a0<\/span>Programme du cycle selon les dates de projection :<span class=\"Apple-converted-space\">\u00a0<\/span><\/strong><\/span><\/p>\n<p class=\"p1 c4\"><span class=\"c2\">&#8211; \u00ab Segundo Lopez, aventurier urbain \u00bb (du 9 au 11 mars)<\/span><\/p>\n<p class=\"p1 c4\"><span class=\"c2\">-\u00ab<span class=\"Apple-converted-space\">\u00a0<\/span> La chatte \u00bb (du 12 au 14 mars)<\/span><\/p>\n<p class=\"p1 c4\"><span class=\"c2\">&#8211; \u00ab Le crime de Cuenca \u00bb (du 16 au 18 mars)<\/span><\/p>\n<p class=\"p1 c4\"><span class=\"c2\">&#8211; \u00ab S\u00e9ance de nuit \u00bb (du 19 au 21 mars)<\/span><\/p>\n<p class=\"p1 c4\"><span class=\"c2\">&#8211; \u00ab Apr\u00e8s&#8230; On ne peut pas vous laisser tout, seuls ! \u00bb (du 23 au 25 mars)<\/span><\/p>\n<p class=\"p1 c4\"><span class=\"c2\">&#8211; \u00ab Apr\u00e8s &#8230; Bien attach\u00e9 \u00bb<span class=\"Apple-converted-space\">\u00a0<\/span> (du 26 au 29 mars)<\/span><\/p>\n<p class=\"p1 c4\"><span class=\"c2\">Tous les titres seront disponibles sur la cha\u00eene Vimeo de l\u2019Institut Cervant\u00e8s pendant 48 heures, \u00e0 partir de 20h00<span class=\"Apple-converted-space\">\u00a0<\/span> des dates indiqu\u00e9es. Bonne vision !<\/span><\/p>\n<p class=\"p1 c3\">\u00a0<\/p>\n<p class=\"p3 c6\"><span class=\"c2\"><strong>S.B.Z<\/strong><\/span><\/p>\n<p>Auteur: letemps1<br \/>\n<a href=\"http:\/\/www.letemps.com.tn\/article\/119647\/espace-f%C3%A9minin%E2%80%A6-les-pionni%C3%A8res-espagnoles\">Cliquez ici pour lire l&rsquo;article depuis sa source.<\/a><\/p>\n","protected":false},"excerpt":{"rendered":"<p>Le Temps-Sayda Ben ZINEB A l\u2019occasion de la Journ\u00e9e Internationale de la Femme (08 mars), l\u2019Institut Cervant\u00e8s propose tout au long du mois, un cycle autour du th\u00e8me : \u00abEspace f\u00e9minin\u2026 Pionni\u00e8res\u00bb, consacr\u00e9 aux\u00a0 cinq cin\u00e9astes\u00a0 espagnoles de renom et reconnues pour leur engagement\u00a0 malgr\u00e9 le fait que le temps ait jou\u00e9 contre elles.\u00a0 Ces [&hellip;]<\/p>\n","protected":false},"author":1773,"featured_media":0,"comment_status":"closed","ping_status":"closed","sticky":false,"template":"","format":"standard","meta":{"fifu_image_url":"","fifu_image_alt":"","footnotes":""},"categories":[73,55],"tags":[],"class_list":["post-112806","post","type-post","status-publish","format-standard","hentry","category-actualite","category-tunisie"],"_links":{"self":[{"href":"https:\/\/linitiative.ca\/International\/wp-json\/wp\/v2\/posts\/112806","targetHints":{"allow":["GET"]}}],"collection":[{"href":"https:\/\/linitiative.ca\/International\/wp-json\/wp\/v2\/posts"}],"about":[{"href":"https:\/\/linitiative.ca\/International\/wp-json\/wp\/v2\/types\/post"}],"author":[{"embeddable":true,"href":"https:\/\/linitiative.ca\/International\/wp-json\/wp\/v2\/users\/1773"}],"replies":[{"embeddable":true,"href":"https:\/\/linitiative.ca\/International\/wp-json\/wp\/v2\/comments?post=112806"}],"version-history":[{"count":0,"href":"https:\/\/linitiative.ca\/International\/wp-json\/wp\/v2\/posts\/112806\/revisions"}],"wp:attachment":[{"href":"https:\/\/linitiative.ca\/International\/wp-json\/wp\/v2\/media?parent=112806"}],"wp:term":[{"taxonomy":"category","embeddable":true,"href":"https:\/\/linitiative.ca\/International\/wp-json\/wp\/v2\/categories?post=112806"},{"taxonomy":"post_tag","embeddable":true,"href":"https:\/\/linitiative.ca\/International\/wp-json\/wp\/v2\/tags?post=112806"}],"curies":[{"name":"wp","href":"https:\/\/api.w.org\/{rel}","templated":true}]}}