{"id":112807,"date":"2021-03-09T11:00:00","date_gmt":"2021-03-09T16:00:00","guid":{"rendered":"https:\/\/linitiative.ca\/International\/le-gouvernement-a-lepreuve-du-vote-de-confiance-du-parlement\/"},"modified":"2021-03-09T11:00:00","modified_gmt":"2021-03-09T16:00:00","slug":"le-gouvernement-a-lepreuve-du-vote-de-confiance-du-parlement","status":"publish","type":"post","link":"https:\/\/linitiative.ca\/International\/le-gouvernement-a-lepreuve-du-vote-de-confiance-du-parlement\/","title":{"rendered":"Le gouvernement \u00e0 l&rsquo;\u00e9preuve  du vote de confiance du Parlement"},"content":{"rendered":"<p class=\"p1 c4\"><span class=\"c3\"><strong><span class=\"s1 c2\">Le Temps- Agences-<\/span> Le Parlement libyen a d\u00e9but\u00e9 hier une session cruciale consacr\u00e9e au vote de confiance au nouveau gouvernement d&rsquo;Abdel Hamid Dbeibah, d\u00e9sign\u00e9 Premier ministre d\u00e9but f\u00e9vrier et qui devait contribuer \u00e0 sortir le pays du chaos en menant une transition jusqu&rsquo;\u00e0 des \u00e9lections g\u00e9n\u00e9rales en d\u00e9cembre.<\/strong><\/span><\/p>\n<p class=\"p1 c5\"><span class=\"c3\">Les 188 d\u00e9put\u00e9s de la Chambre des repr\u00e9sentants se r\u00e9unissent \u00e0 Syrte, \u00e0 mi-chemin entre la Tripolitaine (ouest) et la Cyr\u00e9na\u00efque (est), deux des trois grandes r\u00e9gions libyennes \u00e0 ce jour dirig\u00e9es par des autorit\u00e9s distinctes sur fond d&rsquo;ing\u00e9rences \u00e9trang\u00e8res.<\/span><\/p>\n<p class=\"p1 c5\"><span class=\"c3\">Il est n\u00e9anmoins possible que le vote de confiance n&rsquo;ait pas lieu : le gouvernement Dbeibah a jusqu&rsquo;au 19 mars pour obtenir la confiance, et une seconde s\u00e9ance pourrait se tenir d&rsquo;ici l\u00e0.<\/span><\/p>\n<p class=\"p1 c5\"><span class=\"c3\">\u00ab\u00a0J&rsquo;appelle les d\u00e9put\u00e9s \u00e0 ne pas manquer l&rsquo;occasion d&rsquo;unifier le Parlement avec la r\u00e9union d&rsquo;aujourd&rsquo;hui (&#8230;), de permettre au gouvernement d&rsquo;accomplir imm\u00e9diatement ses t\u00e2ches difficiles et de ne pas reporter le vote de confiance\u00a0\u00bb, a plaid\u00e9 M. Dbeibah lundi dans un discours t\u00e9l\u00e9vis\u00e9 avant le d\u00e9but de la s\u00e9ance.<\/span><\/p>\n<p class=\"p1 c5\"><span class=\"c3\">Abdel Hamid Dbeibah, un milliardaire de 61 ans originaire de Misrata (ouest), a \u00e9t\u00e9 d\u00e9sign\u00e9 Premier ministre int\u00e9rimaire le 5 f\u00e9vrier par 75 responsables libyens de tous bords r\u00e9unis \u00e0 Gen\u00e8ve sous l&rsquo;\u00e9gide de l&rsquo;ONU, en m\u00eame temps qu&rsquo;un Conseil pr\u00e9sidentiel de trois membres dirig\u00e9 par Mohamed Al-Manfi, originaire de l&rsquo;Est.<\/span><\/p>\n<p class=\"p1 c5\"><span class=\"c3\">Le gouvernement propos\u00e9 par M. Dbeibah, second\u00e9 par deux vice-Premiers ministres, un de Cyr\u00e9na\u00efque et un du Fezzan (sud), la troisi\u00e8me r\u00e9gion de Libye, est compos\u00e9 de 33 portefeuilles : 27 minist\u00e8res, dont sept r\u00e9galiens, et six ministres d&rsquo;Etat. Leurs noms n&rsquo;ont pas \u00e9t\u00e9 d\u00e9voil\u00e9s.<\/span><\/p>\n<p class=\"p1 c5\"><span class=\"c3\">S&rsquo;il obtient la confiance des d\u00e9put\u00e9s, M. Dbeibah devra unifier les institutions d&rsquo;un riche pays p\u00e9trolier en proie au chaos depuis la chute du r\u00e9gime de Mouammar Kadhafi en 2011 et mener la transition jusqu&rsquo;aux \u00e9lections du 24 d\u00e9cembre.<\/span><\/p>\n<p class=\"p1 c5\"><span class=\"c3\">Mais d\u00e9crocher la confiance d&rsquo;un Parlement profond\u00e9ment divis\u00e9 s&rsquo;apparente \u00e0 un parcours du combattant : le Gouvernement d&rsquo;union nationale (GNA), install\u00e9 depuis 2016 \u00e0 Tripoli et reconnu par l&rsquo;ONU, ne l&rsquo;a jamais obtenue.<\/span><\/p>\n<p class=\"p1 c5\"><span class=\"c3\">En cas d&rsquo;\u00e9chec, le vote reviendra aux d\u00e9l\u00e9gu\u00e9s du dialogue inter-libyen, processus onusien lanc\u00e9 en novembre \u00e0 Tunis et mis sur orbite \u00e0 Gen\u00e8ve.<\/span><\/p>\n<p class=\"p1 c5\"><span class=\"c3\">Khaled el-Montasser, professeur de relations internationales \u00e0 Tripoli, \u00e9voque des \u00ab\u00a0obstacles et des difficult\u00e9s avant m\u00eame le vote de confiance\u00a0\u00bb, le Premier ministre \u00e9tant \u00ab\u00a0entour\u00e9 de soup\u00e7ons\u00a0\u00bb.<\/span><\/p>\n<p class=\"p1 c5\"><span class=\"c3\">L&rsquo;analyste politique Mahmoud Khalfallah confirme : \u00ab\u00a0Ses rivaux politiques ont engag\u00e9 des campagnes f\u00e9roces de diffamation (&#8230;). Ils ont r\u00e9ussi \u00e0 cr\u00e9er un climat de tension\u00a0\u00bb.<\/span><\/p>\n<p class=\"p1 c5\"><span class=\"c3\">Sur les r\u00e9seaux sociaux, de nombreuses voix ont critiqu\u00e9 le nombre de portefeuilles jug\u00e9 trop \u00e9lev\u00e9 pour un gouvernement cens\u00e9 rester neuf mois.<\/span><\/p>\n<p class=\"p1 c5\"><span class=\"c3\">Le minist\u00e8re de l&rsquo;Economie et de l&rsquo;Industrie a \u00e9t\u00e9 scind\u00e9 en deux, celui de l&rsquo;Enseignement en trois (Education, Enseignement sup\u00e9rieur et Enseignement technique), alors que certains organismes publics sont d\u00e9sormais doubl\u00e9s d&rsquo;un minist\u00e8re : la Compagnie nationale de p\u00e9trole avec un minist\u00e8re du P\u00e9trole et du Gaz, l&rsquo;Autorit\u00e9 g\u00e9n\u00e9rale de l&rsquo;Eau avec un minist\u00e8re des Ressources hydriques&#8230;<\/span><\/p>\n<p class=\"p1 c5\"><span class=\"c3\">Les sept portefeuilles r\u00e9galiens sont r\u00e9partis entre les trois provinces : les Affaires \u00e9trang\u00e8res pour l&rsquo;Est ; l&rsquo;Economie, le Commerce et la Justice pour l&rsquo;Ouest; la D\u00e9fense, l&rsquo;Int\u00e9rieur et les Finances pour le Sud.<\/span><\/p>\n<p class=\"p1 c5\"><span class=\"c3\">Le futur ex\u00e9cutif doit remplacer aussi bien le GNA de Fayez al-Sarraj que le pouvoir rival \u00e0 l&rsquo;Est.<\/span><\/p>\n<p class=\"p1 c4\">\u00a0<\/p>\n<p class=\"p1 c5\"><span class=\"c3\">Le premier round du dialogue inter-libyen, qui a eu lieu un mois apr\u00e8s la signature en octobre d&rsquo;un accord de cessez-le-feu, a \u00e9t\u00e9 entach\u00e9 de faits de corruption, d&rsquo;apr\u00e8s le Comit\u00e9 d&rsquo;experts de l&rsquo;ONU dans l&rsquo;annexe d&rsquo;un rapport encore confidentiel obtenu fin f\u00e9vrier. La diffusion d&rsquo;extraits a suscit\u00e9 un toll\u00e9 en Libye, des d\u00e9put\u00e9s appelant \u00e0 reporter la s\u00e9ance du 8 mars en attendant la publication du rapport.<\/span><\/p>\n<p>Auteur: letemps1<br \/>\n<a href=\"http:\/\/www.letemps.com.tn\/article\/119648\/le-gouvernement-%C3%A0-l%C3%A9preuve-du-vote-de-confiance-du-parlement\">Cliquez ici pour lire l&rsquo;article depuis sa source.<\/a><\/p>\n","protected":false},"excerpt":{"rendered":"<p>Le Temps- Agences- Le Parlement libyen a d\u00e9but\u00e9 hier une session cruciale consacr\u00e9e au vote de confiance au nouveau gouvernement d&rsquo;Abdel Hamid Dbeibah, d\u00e9sign\u00e9 Premier ministre d\u00e9but f\u00e9vrier et qui devait contribuer \u00e0 sortir le pays du chaos en menant une transition jusqu&rsquo;\u00e0 des \u00e9lections g\u00e9n\u00e9rales en d\u00e9cembre. Les 188 d\u00e9put\u00e9s de la Chambre des [&hellip;]<\/p>\n","protected":false},"author":1773,"featured_media":0,"comment_status":"closed","ping_status":"closed","sticky":false,"template":"","format":"standard","meta":{"fifu_image_url":"","fifu_image_alt":"","footnotes":""},"categories":[73,55],"tags":[],"class_list":["post-112807","post","type-post","status-publish","format-standard","hentry","category-actualite","category-tunisie"],"_links":{"self":[{"href":"https:\/\/linitiative.ca\/International\/wp-json\/wp\/v2\/posts\/112807","targetHints":{"allow":["GET"]}}],"collection":[{"href":"https:\/\/linitiative.ca\/International\/wp-json\/wp\/v2\/posts"}],"about":[{"href":"https:\/\/linitiative.ca\/International\/wp-json\/wp\/v2\/types\/post"}],"author":[{"embeddable":true,"href":"https:\/\/linitiative.ca\/International\/wp-json\/wp\/v2\/users\/1773"}],"replies":[{"embeddable":true,"href":"https:\/\/linitiative.ca\/International\/wp-json\/wp\/v2\/comments?post=112807"}],"version-history":[{"count":0,"href":"https:\/\/linitiative.ca\/International\/wp-json\/wp\/v2\/posts\/112807\/revisions"}],"wp:attachment":[{"href":"https:\/\/linitiative.ca\/International\/wp-json\/wp\/v2\/media?parent=112807"}],"wp:term":[{"taxonomy":"category","embeddable":true,"href":"https:\/\/linitiative.ca\/International\/wp-json\/wp\/v2\/categories?post=112807"},{"taxonomy":"post_tag","embeddable":true,"href":"https:\/\/linitiative.ca\/International\/wp-json\/wp\/v2\/tags?post=112807"}],"curies":[{"name":"wp","href":"https:\/\/api.w.org\/{rel}","templated":true}]}}