{"id":112808,"date":"2021-03-09T11:15:00","date_gmt":"2021-03-09T16:15:00","guid":{"rendered":"https:\/\/linitiative.ca\/International\/journee-de-la-colere-sur-fond-de-degringolade-monetaire\/"},"modified":"2021-03-09T11:15:00","modified_gmt":"2021-03-09T16:15:00","slug":"journee-de-la-colere-sur-fond-de-degringolade-monetaire","status":"publish","type":"post","link":"https:\/\/linitiative.ca\/International\/journee-de-la-colere-sur-fond-de-degringolade-monetaire\/","title":{"rendered":"\u00ab\u00a0Journ\u00e9e de la col\u00e8re\u00a0\u00bb sur fond  de d\u00e9gringolade mon\u00e9taire"},"content":{"rendered":"<p class=\"p1 c4\"><span class=\"c3\"><span class=\"s1 c2\"><strong>Le Temps- Agences-<\/strong><\/span> <strong>Des manifestants ont bloqu\u00e9 hier plusieurs axes routiers \u00e0 travers le Liban, y compris les principales art\u00e8res menant vers la capitale, sur fond d&rsquo;une nouvelle d\u00e9pr\u00e9ciation de la monnaie locale et d&rsquo;une impasse politique persistante.<\/strong><\/span><\/p>\n<p class=\"p1 c5\"><span class=\"c3\">Selon des journalistes, la plupart des entr\u00e9es de Beyrouth sont bloqu\u00e9es depuis le matin par des protestataires, mobilis\u00e9s sous diverses banni\u00e8res, dont celle de la \u00ab\u00a0Journ\u00e9e de la col\u00e8re\u00a0\u00bb.<\/span><\/p>\n<p class=\"p1 c5\"><span class=\"c3\">Ils ont incendi\u00e9 des bennes \u00e0 ordures et des pneus, provoquant des colonnes de fum\u00e9e noire au-dessus de la capitale.<\/span><\/p>\n<p class=\"p1 c5\"><span class=\"c3\">Selon l&rsquo;agence nationale d&rsquo;information (ANI), les manifestants ont \u00e9galement bloqu\u00e9 plusieurs routes au sud de Beyrouth, \u00e0 Tripoli et dans l&rsquo;Akkar (nord), ainsi que dans la vall\u00e9e de la Bekaa (sud-est).<\/span><\/p>\n<p class=\"p1 c5\"><span class=\"c3\">Ces derniers jours, la livre libanaise a connu une nouvelle d\u00e9gringolade, s&rsquo;effondrant de plus de 80% et battant tous les records atteints depuis le d\u00e9but de l&rsquo;effondrement \u00e9conomique du pays il y a un an et demi.<\/span><\/p>\n<p class=\"p1 c5\"><span class=\"c3\">Le billet vert a fr\u00f4l\u00e9 les 11.000 livres sur le march\u00e9 noir &#8211;contre un taux officiel toujours maintenu \u00e0 1.507 livres pour un dollar&#8211;, provoquant une nouvelle flamb\u00e9e des prix.<\/span><\/p>\n<p class=\"p1 c5\"><span class=\"c3\">L&rsquo;inflation avait d\u00e9j\u00e0 atteint plus de 140% en 2020, selon le Fonds mon\u00e9taire international.<\/span><\/p>\n<p class=\"p1 c5\"><span class=\"c3\">\u00ab\u00a0Nous avons bloqu\u00e9 toutes les routes aujourd&rsquo;hui pour dire \u00e0 tout le monde: c&rsquo;est fini\u00a0\u00bb, lance Pascale Nohra, une manifestante \u00e0 Jal el Dib, au nord de Beyrouth. \u00ab\u00a0Nous n&rsquo;avons plus rien \u00e0 perdre. M\u00eame notre dignit\u00e9 nous l&rsquo;avons perdue\u00a0\u00bb.<\/span><\/p>\n<p class=\"p1 c5\"><span class=\"c3\">\u00ab\u00a0Nous voulons que tout le monde soit solidaire et descende dans la rue pour revendiquer ses droits, car la crise touche tous les Libanais et toutes les communaut\u00e9s\u00a0\u00bb religieuses, poursuit-elle, dans un pays multiconfessionnel et politiquement polaris\u00e9.<\/span><\/p>\n<p class=\"p1 c5\"><span class=\"c3\">Accus\u00e9e de corruption et d&rsquo;avoir men\u00e9 le pays vers la faillite, la classe dirigeante libanaise est dans le collimateur de la population. D&rsquo;autant que, faute d&rsquo;entente entre partis au pouvoir, le pays reste sans gouvernement depuis sept mois.<\/span><\/p>\n<p class=\"p1 c5\"><span class=\"c3\">\u00ab\u00a0La chute du taux de change n&rsquo;est que la poursuite d&rsquo;une nette tendance baissi\u00e8re (&#8230;) depuis le d\u00e9but de la crise et l&rsquo;inaction politique concomitante\u00a0\u00bb, r\u00e9sume Mohammad Faour, chercheur en Finances \u00e0 l&rsquo;Universit\u00e9 de Dublin.<\/span><\/p>\n<p class=\"p1 c4\">\u00a0<\/p>\n<p class=\"p1 c5\"><span class=\"c3\">Hier, l&rsquo;Observatoire de la crise \u00e0 l&rsquo;Universit\u00e9 am\u00e9ricaine de Beyrouth a mis en garde contre les retomb\u00e9es de cette nouvelle chute mon\u00e9taire, estimant que \u00ab\u00a0le pire n&rsquo;\u00e9tait pas encore arriv\u00e9\u00a0\u00bb.<\/span><\/p>\n<p>Auteur: letemps1<br \/>\n<a href=\"http:\/\/www.letemps.com.tn\/article\/119649\/journ%C3%A9e-de-la-col%C3%A8re-sur-fond-de-d%C3%A9gringolade-mon%C3%A9taire\">Cliquez ici pour lire l&rsquo;article depuis sa source.<\/a><\/p>\n","protected":false},"excerpt":{"rendered":"<p>Le Temps- Agences- Des manifestants ont bloqu\u00e9 hier plusieurs axes routiers \u00e0 travers le Liban, y compris les principales art\u00e8res menant vers la capitale, sur fond d&rsquo;une nouvelle d\u00e9pr\u00e9ciation de la monnaie locale et d&rsquo;une impasse politique persistante. Selon des journalistes, la plupart des entr\u00e9es de Beyrouth sont bloqu\u00e9es depuis le matin par des protestataires, [&hellip;]<\/p>\n","protected":false},"author":1773,"featured_media":0,"comment_status":"closed","ping_status":"closed","sticky":false,"template":"","format":"standard","meta":{"fifu_image_url":"","fifu_image_alt":"","footnotes":""},"categories":[73,55],"tags":[],"class_list":["post-112808","post","type-post","status-publish","format-standard","hentry","category-actualite","category-tunisie"],"_links":{"self":[{"href":"https:\/\/linitiative.ca\/International\/wp-json\/wp\/v2\/posts\/112808","targetHints":{"allow":["GET"]}}],"collection":[{"href":"https:\/\/linitiative.ca\/International\/wp-json\/wp\/v2\/posts"}],"about":[{"href":"https:\/\/linitiative.ca\/International\/wp-json\/wp\/v2\/types\/post"}],"author":[{"embeddable":true,"href":"https:\/\/linitiative.ca\/International\/wp-json\/wp\/v2\/users\/1773"}],"replies":[{"embeddable":true,"href":"https:\/\/linitiative.ca\/International\/wp-json\/wp\/v2\/comments?post=112808"}],"version-history":[{"count":0,"href":"https:\/\/linitiative.ca\/International\/wp-json\/wp\/v2\/posts\/112808\/revisions"}],"wp:attachment":[{"href":"https:\/\/linitiative.ca\/International\/wp-json\/wp\/v2\/media?parent=112808"}],"wp:term":[{"taxonomy":"category","embeddable":true,"href":"https:\/\/linitiative.ca\/International\/wp-json\/wp\/v2\/categories?post=112808"},{"taxonomy":"post_tag","embeddable":true,"href":"https:\/\/linitiative.ca\/International\/wp-json\/wp\/v2\/tags?post=112808"}],"curies":[{"name":"wp","href":"https:\/\/api.w.org\/{rel}","templated":true}]}}