{"id":112809,"date":"2021-03-09T11:15:00","date_gmt":"2021-03-09T16:15:00","guid":{"rendered":"https:\/\/linitiative.ca\/International\/deux-manifestants-tues-magasins-et-usines-fermes\/"},"modified":"2021-03-09T11:15:00","modified_gmt":"2021-03-09T16:15:00","slug":"deux-manifestants-tues-magasins-et-usines-fermes","status":"publish","type":"post","link":"https:\/\/linitiative.ca\/International\/deux-manifestants-tues-magasins-et-usines-fermes\/","title":{"rendered":"Deux manifestants tu\u00e9s,  magasins et usines ferm\u00e9s"},"content":{"rendered":"<p class=\"p1 c4\"><span class=\"c3\"><span class=\"s1 c2\"><strong>Le Temps- Agences-<\/strong><\/span> <strong>Deux manifestants pro-d\u00e9mocratie ont \u00e9t\u00e9 tu\u00e9s hier en Birmanie o\u00f9 les banques, des commerces et des usines restent ferm\u00e9s apr\u00e8s l&rsquo;appel des syndicats \u00e0 intensifier la gr\u00e8ve pour \u00e9touffer l&rsquo;\u00e9conomie et faire pression sur la junte. Des fonctionnaires, des agriculteurs et des salari\u00e9s du priv\u00e9 ont particip\u00e9 aux c\u00f4t\u00e9s de jeunes et d&rsquo;activistes \u00e0 des rassemblements \u00e0 travers tout le pays.<\/strong><\/span><\/p>\n<p class=\"p2 c5\">\u00a0<\/p>\n<p class=\"p3 c6\"><span class=\"c3\">A Myitkyina, dans le centre du pays, de multiples d\u00e9tonations ont \u00e9t\u00e9 entendues et des manifestants, couverts de sang, ont \u00e9t\u00e9 transport\u00e9s loin de la zone de tirs par des contestataires, d&rsquo;apr\u00e8s des images diffus\u00e9es sur les r\u00e9seaux sociaux. \u00ab Deux hommes ont \u00e9t\u00e9 tu\u00e9s \u00bb et plusieurs personnes bless\u00e9es dont une femme gri\u00e8vement, touch\u00e9e par un tir au bras, selon un secouriste sous couvert d&rsquo;anonymat.<\/span><\/p>\n<p class=\"p3 c6\"><span class=\"c3\">La mobilisation se poursuit. Neuf des plus importants syndicats ont appel\u00e9 \u00e0 \u00ab l&rsquo;arr\u00eat complet et prolong\u00e9 de l&rsquo;\u00e9conomie \u00bb \u00e0 partir de ce lundi. \u00ab Le moment est venu d&rsquo;agir \u00bb. Permettre aux activit\u00e9s \u00e9conomiques de se poursuivre ne ferait qu&rsquo;aider l&rsquo;arm\u00e9e qui \u00ab r\u00e9prime l&rsquo;\u00e9nergie du peuple birman \u00bb, ont-ils \u00e9crit dans un communiqu\u00e9 commun.<\/span><\/p>\n<p class=\"p3 c6\"><span class=\"c3\">Du coup, des usines de textile, un secteur en plein essor avant le coup d&rsquo;\u00c9tat du 1er f\u00e9vrier, des centres commerciaux, les banques et les postes gardent porte close. La junte a pour sa part mis en garde les fonctionnaires : ceux qui n&rsquo;auront pas repris le travail \u00e0 partir d\u2019hier seront licenci\u00e9s.<\/span><\/p>\n<p class=\"p3 c6\"><span class=\"c3\">Les appels \u00e0 la gr\u00e8ve, lanc\u00e9s d\u00e8s les premi\u00e8res heures qui ont suivi le putsch, ont d\u00e9j\u00e0 eu un impact important sur de nombreux secteurs, avec des banques incapables de fonctionner, des h\u00f4pitaux ferm\u00e9s et des bureaux minist\u00e9riels vides.<\/span><\/p>\n<p class=\"p2 c5\">\u00a0<\/p>\n<p class=\"p4 c7\"><span class=\"c3\"><strong>Minorit\u00e9s ethniques dans la contestation<\/strong><\/span><\/p>\n<p class=\"p3 c6\"><span class=\"c3\">Des minorit\u00e9s ethniques ont rejoint la contestation. Pr\u00e8s de la ville de Dawei, dans le sud du pays, des centaines de Karens ont manifest\u00e9, brandissant leur drapeau bleu, blanc rouge et appelant \u00e0 \u00ab en finir avec la dictature \u00bb. Le cort\u00e8ge \u00e9tait escort\u00e9 par des rebelles de la faction arm\u00e9e Union nationale karen (KNU), venue prot\u00e9ger les protestataires contre d&rsquo;\u00e9ventuelles violences des forces de s\u00e9curit\u00e9.<\/span><\/p>\n<p class=\"p3 c6\"><span class=\"c3\">Des Birmanes, en nombre, ont rejoint les d\u00e9fil\u00e9s pour c\u00e9l\u00e9brer la journ\u00e9e internationale des femmes. Moines, \u00e9tudiants, fonctionnaires\u2026 Des milliers de Birmans ont manifest\u00e9 dimanche, notamment \u00e0 Mandalay, dans le centre du pays, o\u00f9 un grand sit-in a \u00e9t\u00e9 organis\u00e9. La police et l&rsquo;arm\u00e9e ont fait usage de gaz lacrymog\u00e8ne, de munitions en caoutchouc mais aussi de balles r\u00e9elles pour disperser des rassemblements.<\/span><\/p>\n<p class=\"p3 c6\"><span class=\"c3\">Des dizaines de contestataires ont \u00e9t\u00e9 arr\u00eat\u00e9s et plusieurs bless\u00e9s, selon l&rsquo;Association d&rsquo;assistance aux prisonniers politiques (AAPP). Des manifestations qui se tenaient \u00ab dans des zones r\u00e9sidentielles, dans l&rsquo;enceinte d&rsquo;\u00e9difices religieux, d&rsquo;h\u00f4pitaux et d&rsquo;un campus ont \u00e9t\u00e9 violemment r\u00e9prim\u00e9es \u00bb, d&rsquo;apr\u00e8s l&rsquo;ONG birmane.<\/span><\/p>\n<p>Auteur: letemps1<br \/>\n<a href=\"http:\/\/www.letemps.com.tn\/article\/119650\/deux-manifestants-tu%C3%A9s-magasins-et-usines-ferm%C3%A9s\">Cliquez ici pour lire l&rsquo;article depuis sa source.<\/a><\/p>\n","protected":false},"excerpt":{"rendered":"<p>Le Temps- Agences- Deux manifestants pro-d\u00e9mocratie ont \u00e9t\u00e9 tu\u00e9s hier en Birmanie o\u00f9 les banques, des commerces et des usines restent ferm\u00e9s apr\u00e8s l&rsquo;appel des syndicats \u00e0 intensifier la gr\u00e8ve pour \u00e9touffer l&rsquo;\u00e9conomie et faire pression sur la junte. Des fonctionnaires, des agriculteurs et des salari\u00e9s du priv\u00e9 ont particip\u00e9 aux c\u00f4t\u00e9s de jeunes et [&hellip;]<\/p>\n","protected":false},"author":1773,"featured_media":0,"comment_status":"closed","ping_status":"closed","sticky":false,"template":"","format":"standard","meta":{"fifu_image_url":"","fifu_image_alt":"","footnotes":""},"categories":[73,55],"tags":[],"class_list":["post-112809","post","type-post","status-publish","format-standard","hentry","category-actualite","category-tunisie"],"_links":{"self":[{"href":"https:\/\/linitiative.ca\/International\/wp-json\/wp\/v2\/posts\/112809","targetHints":{"allow":["GET"]}}],"collection":[{"href":"https:\/\/linitiative.ca\/International\/wp-json\/wp\/v2\/posts"}],"about":[{"href":"https:\/\/linitiative.ca\/International\/wp-json\/wp\/v2\/types\/post"}],"author":[{"embeddable":true,"href":"https:\/\/linitiative.ca\/International\/wp-json\/wp\/v2\/users\/1773"}],"replies":[{"embeddable":true,"href":"https:\/\/linitiative.ca\/International\/wp-json\/wp\/v2\/comments?post=112809"}],"version-history":[{"count":0,"href":"https:\/\/linitiative.ca\/International\/wp-json\/wp\/v2\/posts\/112809\/revisions"}],"wp:attachment":[{"href":"https:\/\/linitiative.ca\/International\/wp-json\/wp\/v2\/media?parent=112809"}],"wp:term":[{"taxonomy":"category","embeddable":true,"href":"https:\/\/linitiative.ca\/International\/wp-json\/wp\/v2\/categories?post=112809"},{"taxonomy":"post_tag","embeddable":true,"href":"https:\/\/linitiative.ca\/International\/wp-json\/wp\/v2\/tags?post=112809"}],"curies":[{"name":"wp","href":"https:\/\/api.w.org\/{rel}","templated":true}]}}