{"id":112810,"date":"2021-03-09T15:14:22","date_gmt":"2021-03-09T20:14:22","guid":{"rendered":"https:\/\/linitiative.ca\/International\/international-juventus-danilo-defend-le-bilan-de-zidane-au-real\/"},"modified":"2021-03-09T15:14:22","modified_gmt":"2021-03-09T20:14:22","slug":"international-juventus-danilo-defend-le-bilan-de-zidane-au-real","status":"publish","type":"post","link":"https:\/\/linitiative.ca\/International\/international-juventus-danilo-defend-le-bilan-de-zidane-au-real\/","title":{"rendered":"International : Juventus : Danilo d\u00e9fend le bilan de Zidane au Real"},"content":{"rendered":"<div readability=\"32\">\n<p>Auteur : <span class=\"time\">mardi 09 mars 2021 14:30<\/span><\/p>\n<\/div>\n<div id=\"post_core\" readability=\"45\">\n<p>Que ce soit \u00e0 Porto, \u00e0 la Juventus, \u00e0 Manchester City ou au Real Madrid, le Br\u00e9silien a rempli son armoire \u00e0 troph\u00e9es. Et encore plus sous Zinedine Zidane en Espagne, o\u00f9 il a soulev\u00e9 deux Ligues des Champions.\u00a0Dans des propos relay\u00e9s par Marca et Footmercato, Danilo est revenu sur sa relation avec l\u2019entra\u00eeneur fran\u00e7ais et sur son bilan \u00e0 la t\u00eate du Real Madrid. Pour lui, Zidane est encore et sera toujours l\u2019homme de la situation.\u00a0\u00abZidane peut rester aussi longtemps qu&rsquo;il le souhaite au Real Madrid. Les r\u00e9sultats et tout ce qu&rsquo;il a gagn\u00e9 parlent d&rsquo;eux-m\u00eames. Les gens ne vont pas lui demander de partir. Il fait un travail incroyable et les joueurs le respectent beaucoup. (&#8230;) Il est diff\u00e9rent, plus direct, mais nous avons gagn\u00e9 des choses incroyables et nous avons eu une excellente relation.\u00bb<\/p>\n<p><strong>Publi\u00e9 dans :<\/strong> <span>Real<\/span> <span>zinedine zidane<\/span> <span>Juventus : Danilo<\/span><\/p>\n<\/div>\n<p>Auteur:<br \/>\n<a href=\"http:\/\/www.lebuteur.com\/article\/detail?titre=juventus-danilo-defend-le-bilan-de-zidane-au-real&#038;id=99332&#038;utm_source=feedburner&#038;utm_medium=feed&#038;utm_campaign=Feed%3A+GalerieFArtciles+%28Les+derniers+articles++-+lebuteur.com%29\">Cliquez ici pour lire l&rsquo;article depuis sa source.<\/a><\/p>\n","protected":false},"excerpt":{"rendered":"<p>Auteur : mardi 09 mars 2021 14:30 Que ce soit \u00e0 Porto, \u00e0 la Juventus, \u00e0 Manchester City ou au Real Madrid, le Br\u00e9silien a rempli son armoire \u00e0 troph\u00e9es. Et encore plus sous Zinedine Zidane en Espagne, o\u00f9 il a soulev\u00e9 deux Ligues des Champions.\u00a0Dans des propos relay\u00e9s par Marca et Footmercato, Danilo est [&hellip;]<\/p>\n","protected":false},"author":1738,"featured_media":0,"comment_status":"closed","ping_status":"closed","sticky":false,"template":"","format":"standard","meta":{"fifu_image_url":"\/\/cdn.lebuteur.com\/data\/images\/article\/thumbs\/large-99332juventus-danilo-defend-le-bilan-de-zidane-au-real-a21c6.jpg","fifu_image_alt":"International : Juventus : Danilo d\u00e9fend le bilan de Zidane au Real","footnotes":""},"categories":[53,75],"tags":[],"class_list":["post-112810","post","type-post","status-publish","format-standard","hentry","category-algerie","category-sport"],"_links":{"self":[{"href":"https:\/\/linitiative.ca\/International\/wp-json\/wp\/v2\/posts\/112810","targetHints":{"allow":["GET"]}}],"collection":[{"href":"https:\/\/linitiative.ca\/International\/wp-json\/wp\/v2\/posts"}],"about":[{"href":"https:\/\/linitiative.ca\/International\/wp-json\/wp\/v2\/types\/post"}],"author":[{"embeddable":true,"href":"https:\/\/linitiative.ca\/International\/wp-json\/wp\/v2\/users\/1738"}],"replies":[{"embeddable":true,"href":"https:\/\/linitiative.ca\/International\/wp-json\/wp\/v2\/comments?post=112810"}],"version-history":[{"count":0,"href":"https:\/\/linitiative.ca\/International\/wp-json\/wp\/v2\/posts\/112810\/revisions"}],"wp:attachment":[{"href":"https:\/\/linitiative.ca\/International\/wp-json\/wp\/v2\/media?parent=112810"}],"wp:term":[{"taxonomy":"category","embeddable":true,"href":"https:\/\/linitiative.ca\/International\/wp-json\/wp\/v2\/categories?post=112810"},{"taxonomy":"post_tag","embeddable":true,"href":"https:\/\/linitiative.ca\/International\/wp-json\/wp\/v2\/tags?post=112810"}],"curies":[{"name":"wp","href":"https:\/\/api.w.org\/{rel}","templated":true}]}}