{"id":112811,"date":"2021-03-09T15:14:24","date_gmt":"2021-03-09T20:14:24","guid":{"rendered":"https:\/\/linitiative.ca\/International\/international-marek-hamsik-sest-engage-en-faveur-de\/"},"modified":"2021-03-09T15:14:24","modified_gmt":"2021-03-09T20:14:24","slug":"international-marek-hamsik-sest-engage-en-faveur-de","status":"publish","type":"post","link":"https:\/\/linitiative.ca\/International\/international-marek-hamsik-sest-engage-en-faveur-de\/","title":{"rendered":"International : Marek Hamsik s\u2019est engag\u00e9 en faveur de &#8230;"},"content":{"rendered":"<div readability=\"32\">\n<p>Auteur : <span class=\"time\">mardi 09 mars 2021 15:00<\/span><\/p>\n<\/div>\n<div id=\"post_core\" readability=\"46\">\n<p>En effet, comme pr\u00e9vu, le milieu de terrain international slovaque, qui \u00e9voluait en Chine (au Dalian Lifang Pro) depuis deux ans, s\u2019est engag\u00e9 en faveur de l\u2019IFK G\u00f6teborg.<\/p>\n<p>\u00ab L\u2019examen m\u00e9dical a \u00e9t\u00e9 effectu\u00e9. Le contrat est sign\u00e9. Marek Hams\u00edk est pr\u00eat \u00bb\u00a0a d\u2019ailleurs annonc\u00e9 la formation scandinave sur leur site internet.<\/p>\n<p>Selon Les-Transferts, l\u2019int\u00e9ress\u00e9 a paraph\u00e9 un contrat de quelques mois et plus pr\u00e9cis\u00e9ment jusqu\u2019au 30 aout prochain. Il portera le num\u00e9ro 17.<\/p>\n<p><strong>Publi\u00e9 dans :<\/strong> <span>Marek Hamsik<\/span> <span>IFK G\u00f6teborg.<\/span><\/p>\n<\/div>\n<p>Auteur:<br \/>\n<a href=\"http:\/\/www.lebuteur.com\/article\/detail?titre=marek-hamsik-sest-engage-en-faveur-de&#038;id=99333&#038;utm_source=feedburner&#038;utm_medium=feed&#038;utm_campaign=Feed%3A+GalerieFArtciles+%28Les+derniers+articles++-+lebuteur.com%29\">Cliquez ici pour lire l&rsquo;article depuis sa source.<\/a><\/p>\n","protected":false},"excerpt":{"rendered":"<p>Auteur : mardi 09 mars 2021 15:00 En effet, comme pr\u00e9vu, le milieu de terrain international slovaque, qui \u00e9voluait en Chine (au Dalian Lifang Pro) depuis deux ans, s\u2019est engag\u00e9 en faveur de l\u2019IFK G\u00f6teborg. \u00ab L\u2019examen m\u00e9dical a \u00e9t\u00e9 effectu\u00e9. Le contrat est sign\u00e9. Marek Hams\u00edk est pr\u00eat \u00bb\u00a0a d\u2019ailleurs annonc\u00e9 la formation scandinave [&hellip;]<\/p>\n","protected":false},"author":1738,"featured_media":0,"comment_status":"closed","ping_status":"closed","sticky":false,"template":"","format":"standard","meta":{"fifu_image_url":"\/\/cdn.lebuteur.com\/data\/images\/article\/thumbs\/large-99333marek-hamsik-sest-engage-en-faveur-de-e8576.jpg","fifu_image_alt":"International : Marek Hamsik s\u2019est engag\u00e9 en faveur de ...","footnotes":""},"categories":[53,75],"tags":[],"class_list":["post-112811","post","type-post","status-publish","format-standard","hentry","category-algerie","category-sport"],"_links":{"self":[{"href":"https:\/\/linitiative.ca\/International\/wp-json\/wp\/v2\/posts\/112811","targetHints":{"allow":["GET"]}}],"collection":[{"href":"https:\/\/linitiative.ca\/International\/wp-json\/wp\/v2\/posts"}],"about":[{"href":"https:\/\/linitiative.ca\/International\/wp-json\/wp\/v2\/types\/post"}],"author":[{"embeddable":true,"href":"https:\/\/linitiative.ca\/International\/wp-json\/wp\/v2\/users\/1738"}],"replies":[{"embeddable":true,"href":"https:\/\/linitiative.ca\/International\/wp-json\/wp\/v2\/comments?post=112811"}],"version-history":[{"count":0,"href":"https:\/\/linitiative.ca\/International\/wp-json\/wp\/v2\/posts\/112811\/revisions"}],"wp:attachment":[{"href":"https:\/\/linitiative.ca\/International\/wp-json\/wp\/v2\/media?parent=112811"}],"wp:term":[{"taxonomy":"category","embeddable":true,"href":"https:\/\/linitiative.ca\/International\/wp-json\/wp\/v2\/categories?post=112811"},{"taxonomy":"post_tag","embeddable":true,"href":"https:\/\/linitiative.ca\/International\/wp-json\/wp\/v2\/tags?post=112811"}],"curies":[{"name":"wp","href":"https:\/\/api.w.org\/{rel}","templated":true}]}}