{"id":112812,"date":"2021-03-09T15:14:26","date_gmt":"2021-03-09T20:14:26","guid":{"rendered":"https:\/\/linitiative.ca\/International\/pros-real-madrid-guardiola-pret-a-plomber-les-plans-de-zidane-avec-mahrez\/"},"modified":"2021-03-09T15:14:26","modified_gmt":"2021-03-09T20:14:26","slug":"pros-real-madrid-guardiola-pret-a-plomber-les-plans-de-zidane-avec-mahrez","status":"publish","type":"post","link":"https:\/\/linitiative.ca\/International\/pros-real-madrid-guardiola-pret-a-plomber-les-plans-de-zidane-avec-mahrez\/","title":{"rendered":"Pros : Real Madrid: Guardiola pr\u00eat \u00e0 plomber les plans de Zidane avec Mahrez ?"},"content":{"rendered":"<div readability=\"32\">\n<p>Auteur : <span class=\"time\">mardi 09 mars 2021 16:09<\/span><\/p>\n<\/div>\n<div id=\"post_core\" readability=\"41\">\n<p>En difficult\u00e9 cette saison, le Real Madrid esp\u00e8re se renforcer l\u2019\u00e9t\u00e9 prochain malgr\u00e9 la crise du Covid-19. Les Merengue souhaitent principalement mettre la main sur un nouvel attaquant capable de faire oublier Cristiano Ronaldo, parti \u00e0 la Juventus en 2018. Kylian Mbapp\u00e9 et Erling Haaland apparaissent comme les deux grandes priorit\u00e9s de Florentino P\u00e9rez, mais Zinedine Zidane en pincerait \u00e9galement pour Riyad Mahrez d\u2019apr\u00e8s Foot Mercato ce lundi. Cependant, Pep Guardiola aurait bien l\u2019intention de conserver l\u2019international alg\u00e9rien \u00e0 Manchester City. Sous contrat jusqu\u2019en juin 2023, Riyad Mahrez pourrait \u00e9chapper \u00e0 Zinedine Zidane comme l\u2019explique Foot Mercato. En effet, Pep Guardiola serait satisfait des prestations de son attaquant et souhaiterait le conserver encore au moins une ann\u00e9e. De quoi compromettre les plans du Real Madrid puisque la situation contractuelle de l&rsquo;Alg\u00e9rien place les Citizens en position de force rapporte Le 10 Sport.<\/p>\n<p><strong>Publi\u00e9 dans :<\/strong> <span>Mahrez<\/span><\/p>\n<\/div>\n<p>Auteur:<br \/>\n<a href=\"http:\/\/www.lebuteur.com\/article\/detail?titre=real-madrid-guardiola-pret-a-plomber-les-plans-de-zidane-avec-mahrez&#038;id=99334&#038;utm_source=feedburner&#038;utm_medium=feed&#038;utm_campaign=Feed%3A+GalerieFArtciles+%28Les+derniers+articles++-+lebuteur.com%29\">Cliquez ici pour lire l&rsquo;article depuis sa source.<\/a><\/p>\n","protected":false},"excerpt":{"rendered":"<p>Auteur : mardi 09 mars 2021 16:09 En difficult\u00e9 cette saison, le Real Madrid esp\u00e8re se renforcer l\u2019\u00e9t\u00e9 prochain malgr\u00e9 la crise du Covid-19. Les Merengue souhaitent principalement mettre la main sur un nouvel attaquant capable de faire oublier Cristiano Ronaldo, parti \u00e0 la Juventus en 2018. Kylian Mbapp\u00e9 et Erling Haaland apparaissent comme les [&hellip;]<\/p>\n","protected":false},"author":1738,"featured_media":0,"comment_status":"closed","ping_status":"closed","sticky":false,"template":"","format":"standard","meta":{"fifu_image_url":"\/\/cdn.lebuteur.com\/data\/images\/article\/thumbs\/large-real-madrid-guardiola-pret-a-plomber-les-plans-de-zidane-avec-mahrez-53be8.jpg","fifu_image_alt":"Pros : Real Madrid: Guardiola pr\u00eat \u00e0 plomber les plans de Zidane avec Mahrez ?","footnotes":""},"categories":[53,75],"tags":[],"class_list":["post-112812","post","type-post","status-publish","format-standard","hentry","category-algerie","category-sport"],"_links":{"self":[{"href":"https:\/\/linitiative.ca\/International\/wp-json\/wp\/v2\/posts\/112812","targetHints":{"allow":["GET"]}}],"collection":[{"href":"https:\/\/linitiative.ca\/International\/wp-json\/wp\/v2\/posts"}],"about":[{"href":"https:\/\/linitiative.ca\/International\/wp-json\/wp\/v2\/types\/post"}],"author":[{"embeddable":true,"href":"https:\/\/linitiative.ca\/International\/wp-json\/wp\/v2\/users\/1738"}],"replies":[{"embeddable":true,"href":"https:\/\/linitiative.ca\/International\/wp-json\/wp\/v2\/comments?post=112812"}],"version-history":[{"count":0,"href":"https:\/\/linitiative.ca\/International\/wp-json\/wp\/v2\/posts\/112812\/revisions"}],"wp:attachment":[{"href":"https:\/\/linitiative.ca\/International\/wp-json\/wp\/v2\/media?parent=112812"}],"wp:term":[{"taxonomy":"category","embeddable":true,"href":"https:\/\/linitiative.ca\/International\/wp-json\/wp\/v2\/categories?post=112812"},{"taxonomy":"post_tag","embeddable":true,"href":"https:\/\/linitiative.ca\/International\/wp-json\/wp\/v2\/tags?post=112812"}],"curies":[{"name":"wp","href":"https:\/\/api.w.org\/{rel}","templated":true}]}}