{"id":112814,"date":"2021-03-09T15:14:30","date_gmt":"2021-03-09T20:14:30","guid":{"rendered":"https:\/\/linitiative.ca\/International\/international-man-city-guardiola-sagace-apres-la-question-dun-journaliste\/"},"modified":"2021-03-09T15:14:30","modified_gmt":"2021-03-09T20:14:30","slug":"international-man-city-guardiola-sagace-apres-la-question-dun-journaliste","status":"publish","type":"post","link":"https:\/\/linitiative.ca\/International\/international-man-city-guardiola-sagace-apres-la-question-dun-journaliste\/","title":{"rendered":"International : Man City : Guardiola s&rsquo;agace apr\u00e8s la question d&rsquo;un journaliste"},"content":{"rendered":"<div readability=\"32\">\n<p>Auteur : <span class=\"time\">mardi 09 mars 2021 20:28<\/span><\/p>\n<\/div>\n<div id=\"post_core\" readability=\"45\">\n<p>Alors que les Saints ont \u00e9t\u00e9 humili\u00e9s par Manchester United (0-9) d\u00e9but f\u00e9vrier, l&rsquo;entra\u00eeneur des Citizens Pep Guardiola a \u00e9t\u00e9 passablement \u00e9nerv\u00e9 par une question d&rsquo;un journaliste en conf\u00e9rence de presse ce mardi.<\/p>\n<p>\u00ab\u00a0Est-ce qu&rsquo;on peut marquer 9 buts contre eux ? Non, 18 buts ! Nous allons marquer 18 buts ! 18-0, \u00e7a va \u00eatre \u00e7a le r\u00e9sultat ! Mais c&rsquo;est quoi cette question ? Ils ont pris 9 buts car ils ont jou\u00e9 88 minutes \u00e0 10 contre 11. Vous pensez que c&rsquo;est une blague et qu&rsquo;on va marquer 9 ou 18 buts sur ce match ? Franchement, il faut \u00eatre s\u00e9rieux. Nous allons essayer de gagner cette rencontre\u00a0\u00bb, a clam\u00e9 le technicien espagnol, particuli\u00e8rement remont\u00e9 comme l&rsquo;indique Maxifoot.<\/p>\n<p><strong>Publi\u00e9 dans :<\/strong> <span>Guardiola<\/span><\/p>\n<\/div>\n<p>Auteur:<br \/>\n<a href=\"http:\/\/www.lebuteur.com\/article\/detail?titre=man-city-guardiola-sagace-apres-la-question-dun-journaliste&#038;id=99336&#038;utm_source=feedburner&#038;utm_medium=feed&#038;utm_campaign=Feed%3A+GalerieFArtciles+%28Les+derniers+articles++-+lebuteur.com%29\">Cliquez ici pour lire l&rsquo;article depuis sa source.<\/a><\/p>\n","protected":false},"excerpt":{"rendered":"<p>Auteur : mardi 09 mars 2021 20:28 Alors que les Saints ont \u00e9t\u00e9 humili\u00e9s par Manchester United (0-9) d\u00e9but f\u00e9vrier, l&rsquo;entra\u00eeneur des Citizens Pep Guardiola a \u00e9t\u00e9 passablement \u00e9nerv\u00e9 par une question d&rsquo;un journaliste en conf\u00e9rence de presse ce mardi. \u00ab\u00a0Est-ce qu&rsquo;on peut marquer 9 buts contre eux ? Non, 18 buts ! Nous allons [&hellip;]<\/p>\n","protected":false},"author":1738,"featured_media":0,"comment_status":"closed","ping_status":"closed","sticky":false,"template":"","format":"standard","meta":{"fifu_image_url":"\/\/cdn.lebuteur.com\/data\/images\/article\/thumbs\/large-man-city-guardiola-sagace-apres-la-question-dun-journaliste-8a90c.jpg","fifu_image_alt":"International : Man City : Guardiola s'agace apr\u00e8s la question d'un journaliste","footnotes":""},"categories":[53,75],"tags":[],"class_list":["post-112814","post","type-post","status-publish","format-standard","hentry","category-algerie","category-sport"],"_links":{"self":[{"href":"https:\/\/linitiative.ca\/International\/wp-json\/wp\/v2\/posts\/112814","targetHints":{"allow":["GET"]}}],"collection":[{"href":"https:\/\/linitiative.ca\/International\/wp-json\/wp\/v2\/posts"}],"about":[{"href":"https:\/\/linitiative.ca\/International\/wp-json\/wp\/v2\/types\/post"}],"author":[{"embeddable":true,"href":"https:\/\/linitiative.ca\/International\/wp-json\/wp\/v2\/users\/1738"}],"replies":[{"embeddable":true,"href":"https:\/\/linitiative.ca\/International\/wp-json\/wp\/v2\/comments?post=112814"}],"version-history":[{"count":0,"href":"https:\/\/linitiative.ca\/International\/wp-json\/wp\/v2\/posts\/112814\/revisions"}],"wp:attachment":[{"href":"https:\/\/linitiative.ca\/International\/wp-json\/wp\/v2\/media?parent=112814"}],"wp:term":[{"taxonomy":"category","embeddable":true,"href":"https:\/\/linitiative.ca\/International\/wp-json\/wp\/v2\/categories?post=112814"},{"taxonomy":"post_tag","embeddable":true,"href":"https:\/\/linitiative.ca\/International\/wp-json\/wp\/v2\/tags?post=112814"}],"curies":[{"name":"wp","href":"https:\/\/api.w.org\/{rel}","templated":true}]}}