{"id":112815,"date":"2021-03-09T04:11:00","date_gmt":"2021-03-09T09:11:00","guid":{"rendered":"https:\/\/linitiative.ca\/International\/hasna-ben-slimane-porte-parole-du-gouvernement\/"},"modified":"2021-03-09T04:11:00","modified_gmt":"2021-03-09T09:11:00","slug":"hasna-ben-slimane-porte-parole-du-gouvernement","status":"publish","type":"post","link":"https:\/\/linitiative.ca\/International\/hasna-ben-slimane-porte-parole-du-gouvernement\/","title":{"rendered":"Hasna Ben Slimane porte-parole du gouvernement"},"content":{"rendered":"<div><img decoding=\"async\" src=\"http:\/\/www.leaders.com.tn\/uploads\/content\/thumbnails_small\/1615279329_article.jpg\" alt=\"Hasna Ben Slimane porte-parole du gouvernement\" align=\"left\">Hasna  Ben slimane, ministre aupr\u00e8s du chef du gouvernement charg\u00e9e de la  Fonction publique\u00a0et ministre de la Justice par int\u00e9rim, a \u00e9t\u00e9 nomm\u00e9e ce lundi porte-parole du gouvernement.<br \/>\nLire aussi<br \/>\nHasna Ben Slimane: Un c\u0153ur vaillant \u00e0 la t\u00eate du minist\u00e8re de l\u2019impossible&#8230;<br \/>\nHasna Ben Slimane, ministre de la Fonction publique: Faire bouger le mammouth<br \/>\nHasna Ben Slimane: Les \u00abdix pi\u00e8ges \u00e0 \u00e9viter\u00bb par les listes candidates aux l\u00e9gislatives de 2019 (Document exclusif)<br \/>\n\u00a0<\/p>\n<\/div>\n<p>Auteur:<br \/>\n<a href=\"https:\/\/www.leaders.com.tn\/article\/31546-hasna-ben-slimane-porte-parole-du-gouvernement\">Cliquez ici pour lire l&rsquo;article depuis sa source.<\/a><\/p>\n","protected":false},"excerpt":{"rendered":"<p>Hasna Ben slimane, ministre aupr\u00e8s du chef du gouvernement charg\u00e9e de la Fonction publique\u00a0et ministre de la Justice par int\u00e9rim, a \u00e9t\u00e9 nomm\u00e9e ce lundi porte-parole du gouvernement. Lire aussi Hasna Ben Slimane: Un c\u0153ur vaillant \u00e0 la t\u00eate du minist\u00e8re de l\u2019impossible&#8230; Hasna Ben Slimane, ministre de la Fonction publique: Faire bouger le mammouth [&hellip;]<\/p>\n","protected":false},"author":1772,"featured_media":0,"comment_status":"closed","ping_status":"closed","sticky":false,"template":"","format":"standard","meta":{"fifu_image_url":"http:\/\/www.leaders.com.tn\/uploads\/content\/thumbnails_small\/1615279329_article.jpg","fifu_image_alt":"Hasna Ben Slimane porte-parole du gouvernement","footnotes":""},"categories":[73,55],"tags":[],"class_list":["post-112815","post","type-post","status-publish","format-standard","hentry","category-actualite","category-tunisie"],"_links":{"self":[{"href":"https:\/\/linitiative.ca\/International\/wp-json\/wp\/v2\/posts\/112815","targetHints":{"allow":["GET"]}}],"collection":[{"href":"https:\/\/linitiative.ca\/International\/wp-json\/wp\/v2\/posts"}],"about":[{"href":"https:\/\/linitiative.ca\/International\/wp-json\/wp\/v2\/types\/post"}],"author":[{"embeddable":true,"href":"https:\/\/linitiative.ca\/International\/wp-json\/wp\/v2\/users\/1772"}],"replies":[{"embeddable":true,"href":"https:\/\/linitiative.ca\/International\/wp-json\/wp\/v2\/comments?post=112815"}],"version-history":[{"count":0,"href":"https:\/\/linitiative.ca\/International\/wp-json\/wp\/v2\/posts\/112815\/revisions"}],"wp:attachment":[{"href":"https:\/\/linitiative.ca\/International\/wp-json\/wp\/v2\/media?parent=112815"}],"wp:term":[{"taxonomy":"category","embeddable":true,"href":"https:\/\/linitiative.ca\/International\/wp-json\/wp\/v2\/categories?post=112815"},{"taxonomy":"post_tag","embeddable":true,"href":"https:\/\/linitiative.ca\/International\/wp-json\/wp\/v2\/tags?post=112815"}],"curies":[{"name":"wp","href":"https:\/\/api.w.org\/{rel}","templated":true}]}}