{"id":112816,"date":"2021-03-09T06:57:00","date_gmt":"2021-03-09T11:57:00","guid":{"rendered":"https:\/\/linitiative.ca\/International\/laffaire-de-cactus-prod-connait-enfin-son-epilogue-10-ans-de-prison-par-contumace-pour-belhassen-trabelsi-et-8-ans-de-prison-ferme-avec-execution-immediate-pour-sami-fehri\/"},"modified":"2021-03-09T06:57:00","modified_gmt":"2021-03-09T11:57:00","slug":"laffaire-de-cactus-prod-connait-enfin-son-epilogue-10-ans-de-prison-par-contumace-pour-belhassen-trabelsi-et-8-ans-de-prison-ferme-avec-execution-immediate-pour-sami-fehri","status":"publish","type":"post","link":"https:\/\/linitiative.ca\/International\/laffaire-de-cactus-prod-connait-enfin-son-epilogue-10-ans-de-prison-par-contumace-pour-belhassen-trabelsi-et-8-ans-de-prison-ferme-avec-execution-immediate-pour-sami-fehri\/","title":{"rendered":"L&rsquo;affaire de Cactus-prod connait enfin son \u00e9pilogue: 10 ans de prison par contumace pour Belhassen Trabelsi et 8 ans de prison ferme avec ex\u00e9cution imm\u00e9diate pour Sami  Fehri"},"content":{"rendered":"<p>Au terme d&rsquo;un proc\u00e8s-fleuve, l&rsquo;affaire entre Cactus Prod et la t\u00e9l\u00e9vision nationale vient de conna\u00eetre son \u00e9pilogue : la chambre criminelle du Tribunal de premi\u00e8re instance de Tunis a condamn\u00e9 ce mardi le patron de la chaine Al-Hiwar Ettounsi Sami Fehri \u00e0 8 ans de prison avec ex\u00e9cution imm\u00e9diate alors que le beau-fr\u00e8re de l\u2019ancien pr\u00e9sident, Belhassen Trabelsi, a \u00e9t\u00e9 condamn\u00e9 \u00e0 10 ans de prison par contumace.<\/p>\n<p>Dans le cadre de l\u2019affaire relative aux contrats publicitaires entre Cactus Prod et la t\u00e9l\u00e9vision nationale, ils ont \u00e9galement ont \u00e9cop\u00e9 chacun d\u2019une amende de 40 millions de dinars.<\/p>\n<p>Le tribunal a d\u00e9cid\u00e9 de relaxer Abdelwaheb Abdellah, l&rsquo;ancien ministre-conseiller de Ben Ali\u00a0 et cinq anciens directeurs g\u00e9n\u00e9raux de l&rsquo;ERTT, en vertu de la loi de r\u00e9conciliation administrative.<\/p>\n<p>Cette affaire, ouverte depuis 2011, concerne des d\u00e9passements commis par \u00ab Cactus Prod \u00bb sous l\u2019ancien r\u00e9gime ayant notamment provoqu\u00e9 de grosses pertes financi\u00e8res \u00e0 la T\u00e9l\u00e9vision Nationale.<\/p>\n<p>Auteur:<br \/>\n<a href=\"https:\/\/www.leaders.com.tn\/article\/31548-l-affaire-de-cactus-prod-connait-enfin-son-epilogue-10-ans-de-prison-ferme-pour-belhassen-trabelsi-et-8-ans-pour-sami-fehri\">Cliquez ici pour lire l&rsquo;article depuis sa source.<\/a><\/p>\n","protected":false},"excerpt":{"rendered":"<p>Au terme d&rsquo;un proc\u00e8s-fleuve, l&rsquo;affaire entre Cactus Prod et la t\u00e9l\u00e9vision nationale vient de conna\u00eetre son \u00e9pilogue : la chambre criminelle du Tribunal de premi\u00e8re instance de Tunis a condamn\u00e9 ce mardi le patron de la chaine Al-Hiwar Ettounsi Sami Fehri \u00e0 8 ans de prison avec ex\u00e9cution imm\u00e9diate alors que le beau-fr\u00e8re de l\u2019ancien [&hellip;]<\/p>\n","protected":false},"author":1772,"featured_media":0,"comment_status":"closed","ping_status":"closed","sticky":false,"template":"","format":"standard","meta":{"fifu_image_url":"","fifu_image_alt":"","footnotes":""},"categories":[73,55],"tags":[],"class_list":["post-112816","post","type-post","status-publish","format-standard","hentry","category-actualite","category-tunisie"],"_links":{"self":[{"href":"https:\/\/linitiative.ca\/International\/wp-json\/wp\/v2\/posts\/112816","targetHints":{"allow":["GET"]}}],"collection":[{"href":"https:\/\/linitiative.ca\/International\/wp-json\/wp\/v2\/posts"}],"about":[{"href":"https:\/\/linitiative.ca\/International\/wp-json\/wp\/v2\/types\/post"}],"author":[{"embeddable":true,"href":"https:\/\/linitiative.ca\/International\/wp-json\/wp\/v2\/users\/1772"}],"replies":[{"embeddable":true,"href":"https:\/\/linitiative.ca\/International\/wp-json\/wp\/v2\/comments?post=112816"}],"version-history":[{"count":0,"href":"https:\/\/linitiative.ca\/International\/wp-json\/wp\/v2\/posts\/112816\/revisions"}],"wp:attachment":[{"href":"https:\/\/linitiative.ca\/International\/wp-json\/wp\/v2\/media?parent=112816"}],"wp:term":[{"taxonomy":"category","embeddable":true,"href":"https:\/\/linitiative.ca\/International\/wp-json\/wp\/v2\/categories?post=112816"},{"taxonomy":"post_tag","embeddable":true,"href":"https:\/\/linitiative.ca\/International\/wp-json\/wp\/v2\/tags?post=112816"}],"curies":[{"name":"wp","href":"https:\/\/api.w.org\/{rel}","templated":true}]}}