{"id":112817,"date":"2021-03-09T11:11:00","date_gmt":"2021-03-09T16:11:00","guid":{"rendered":"https:\/\/linitiative.ca\/International\/la-tunisie-la-mediterranee-et-lorient-au-miroir-de-lhistoire\/"},"modified":"2021-03-09T11:11:00","modified_gmt":"2021-03-09T16:11:00","slug":"la-tunisie-la-mediterranee-et-lorient-au-miroir-de-lhistoire","status":"publish","type":"post","link":"https:\/\/linitiative.ca\/International\/la-tunisie-la-mediterranee-et-lorient-au-miroir-de-lhistoire\/","title":{"rendered":"La Tunisie, la M\u00e9diterran\u00e9e et l\u2019Orient: Au miroir de l\u2019histoire"},"content":{"rendered":"<p><span class=\"c2\"><em><strong><img decoding=\"async\" src=\"\/uploads\/FCK_files\/Abb\u00e8s-Mohsen.jpg\" width=\"15%\" vspace=\"5\" hspace=\"5\" align=\"left\" alt=\"\"\/>Par Abb\u00e8s Mohsen &#8211;<\/strong><\/em><\/span> <strong>Le Professeur Mohamed el Aziz Ben Achour nous a r\u00e9gal\u00e9s d\u2019un ouvrage tout \u00e0 la fois alerte et monumental. Ces deux \u00e9pith\u00e8tes sont rarement associ\u00e9es.\u00a0 Sous le titre de\u00a0 La Tunisie, la M\u00e9diterran\u00e9e et l\u2019Orient au miroir de l\u2019histoire, il offre une compilation des articles publi\u00e9s dans Leaders Magazine entre 2016 et 2019.<\/strong><\/p>\n<p>A contrepied des poncifs religieusement d\u00e9pos\u00e9s dans l\u2019inconscient de nos contemporains, il r\u00e9habilite la m\u00e9moire des grands souverains qui ont fait la Tunisie, tels qu\u2019Ali Pacha, Hammouda Pacha, Ahmed Pacha 1er\u00a0 et d\u2019autres. Mais il essaie sans complaisance d\u2019\u00e9tudier les faiblesses, les insuffisances dans la gouvernance et les trahisons qui ont ouvert la voie \u00e0 l\u2019instauration du protectorat.<\/p>\n<p><img decoding=\"async\" src=\"\/uploads\/FCK_files\/Le-palais-de-bardo.jpg\" width=\"100%\" vspace=\"5\" hspace=\"5\" align=\"middle\" alt=\"\"\/><\/p>\n<p>Son analyse du contexte dans lequel baign\u00e8rent les tentatives de r\u00e9forme du milieu du XIXe si\u00e8cle rel\u00e8ve les analogies avec l\u2019\u00e9poque que nous vivons depuis 2011 : un effort path\u00e9tique (plus ou moins sinc\u00e8re) de modernisation men\u00e9 d\u2019une main inexperte sur fond de surendettement. Il n\u2019a pas la cruaut\u00e9 de le dire, mais l\u2019analogie est malheureusement \u00e9vidente.<\/p>\n<p>Une plume d\u00e9li\u00e9e au service d\u2019une vaste \u00e9rudition nous d\u00e9voile des pans entiers de notre pass\u00e9 gr\u00e2ce aux biographies de Tunisiens illustres, de l\u2019histoire\u00a0 cach\u00e9e des lieux aim\u00e9s et de la relation de situations insolites. Des personnages moins connus apparaissent\u00a0 \u00e0 la lumi\u00e8re.<\/p>\n<p class=\"c3\"><img decoding=\"async\" src=\"\/uploads\/FCK_files\/Sadok-Bey(1).jpg\" width=\"100%\" vspace=\"5\" hspace=\"5\" align=\"middle\" alt=\"\"\/><\/p>\n<p>Le rapport de la soci\u00e9t\u00e9 au pouvoir : \u00e9vocation \u00e9rudite des Chabbiya et de leur r\u00e9sistance, \u00e9tude des Ouerghemma, fr\u00e9missements de Tunis au 19e si\u00e8cle, tiraillement des dynastes entre la tentation de l\u2019Occident et celle du repli vers l\u2019Orient sont les chapitres qui rythment cet \u00e9poustouflant exercice.<\/p>\n<p class=\"c4\"><strong>Abb\u00e8s Mohsen<\/strong><\/p>\n<p>Auteur:<br \/>\n<a href=\"https:\/\/www.leaders.com.tn\/article\/31551-la-tunisie-la-mediterranee-et-l-orient-au-miroir-de-l-histoire\">Cliquez ici pour lire l&rsquo;article depuis sa source.<\/a><\/p>\n","protected":false},"excerpt":{"rendered":"<p>Par Abb\u00e8s Mohsen &#8211; Le Professeur Mohamed el Aziz Ben Achour nous a r\u00e9gal\u00e9s d\u2019un ouvrage tout \u00e0 la fois alerte et monumental. Ces deux \u00e9pith\u00e8tes sont rarement associ\u00e9es.\u00a0 Sous le titre de\u00a0 La Tunisie, la M\u00e9diterran\u00e9e et l\u2019Orient au miroir de l\u2019histoire, il offre une compilation des articles publi\u00e9s dans Leaders Magazine entre 2016 [&hellip;]<\/p>\n","protected":false},"author":1772,"featured_media":0,"comment_status":"closed","ping_status":"closed","sticky":false,"template":"","format":"standard","meta":{"fifu_image_url":"\/uploads\/FCK_files\/Abb\u00e8s-Mohsen.jpg","fifu_image_alt":"La Tunisie, la M\u00e9diterran\u00e9e et l\u2019Orient: Au miroir de l\u2019histoire","footnotes":""},"categories":[73,55],"tags":[],"class_list":["post-112817","post","type-post","status-publish","format-standard","hentry","category-actualite","category-tunisie"],"_links":{"self":[{"href":"https:\/\/linitiative.ca\/International\/wp-json\/wp\/v2\/posts\/112817","targetHints":{"allow":["GET"]}}],"collection":[{"href":"https:\/\/linitiative.ca\/International\/wp-json\/wp\/v2\/posts"}],"about":[{"href":"https:\/\/linitiative.ca\/International\/wp-json\/wp\/v2\/types\/post"}],"author":[{"embeddable":true,"href":"https:\/\/linitiative.ca\/International\/wp-json\/wp\/v2\/users\/1772"}],"replies":[{"embeddable":true,"href":"https:\/\/linitiative.ca\/International\/wp-json\/wp\/v2\/comments?post=112817"}],"version-history":[{"count":0,"href":"https:\/\/linitiative.ca\/International\/wp-json\/wp\/v2\/posts\/112817\/revisions"}],"wp:attachment":[{"href":"https:\/\/linitiative.ca\/International\/wp-json\/wp\/v2\/media?parent=112817"}],"wp:term":[{"taxonomy":"category","embeddable":true,"href":"https:\/\/linitiative.ca\/International\/wp-json\/wp\/v2\/categories?post=112817"},{"taxonomy":"post_tag","embeddable":true,"href":"https:\/\/linitiative.ca\/International\/wp-json\/wp\/v2\/tags?post=112817"}],"curies":[{"name":"wp","href":"https:\/\/api.w.org\/{rel}","templated":true}]}}