{"id":112819,"date":"2021-03-09T05:00:00","date_gmt":"2021-03-09T10:00:00","guid":{"rendered":"https:\/\/linitiative.ca\/International\/pas-de-repit-pour-les-crabes\/"},"modified":"2021-03-09T05:00:00","modified_gmt":"2021-03-09T10:00:00","slug":"pas-de-repit-pour-les-crabes","status":"publish","type":"post","link":"https:\/\/linitiative.ca\/International\/pas-de-repit-pour-les-crabes\/","title":{"rendered":"Pas de r\u00e9pit pour les Crabes"},"content":{"rendered":"<p>Aussit\u00f4t apr\u00e8s leur brillant succ\u00e8s, le premier de la saison, face \u00e0 l\u2019ES Ben-Aknoun \u00e0 Alger, les joueurs du MO B\u00e9ja\u00efa ont repris les entra\u00eenements samedi, sans b\u00e9n\u00e9ficier de repos. Alors qu\u2019ils sont rentr\u00e9s dimanche martin \u00e0 Bougie, les Crabes se sont entra\u00een\u00e9s dans l\u2019apr\u00e8s-midi sur la nouvelle pelouse du stade de l\u2019OPO, et ce, pour pr\u00e9parer la prochaine rencontre de la 5e journ\u00e9e, programm\u00e9e jeudi, face \u00e0 la formation de WRB M\u2019sila. Le staff technique du MOB compte ainsi mettre les bouch\u00e9es doubles pour rester sur sa lanc\u00e9e et encha\u00eener avec un nouveau succ\u00e8s, avant de se d\u00e9placer \u00e0 Ouargla, juste 3 jours apr\u00e8s, pour un long p\u00e9riple, en pr\u00e9vision de la 6e journ\u00e9e de la Ligue 2 amateur face au CR Beni Thour mardi 16 mars. \u00abNous avions besoin de cette victoire pour lancer notre saison. Il est vrai que lors des derni\u00e8res rencontres, nous \u00e9tions tr\u00e8s proches de la victoire, mais \u00e0 chaque fois, on se faisait rattraper au score. Cette fois-ci, le groupe a tenu bon et nous avons r\u00e9ussi \u00e0 maintenir nos filets vierges gr\u00e2ce aussi \u00e0 une bonne prestation de Mansouri (\u2026) Pour notre prochain match face \u00e0 M\u2019sila, il va falloir \u00eatre prudent. C\u2019est vrai qu\u2019elle occupe la derni\u00e8re place, mais nous devons prendre les choses tr\u00e8s au s\u00e9rieux. C\u2019est un match qui se jouera \u00e0 domicile, donc il va falloir donner tout ce que nous avons sur le terrain pour encha\u00eener les bons r\u00e9sultats\u00bb, a d\u00e9clar\u00e9 Kaci Walid, l\u2019auteur du but de la victoire face \u00e0 l\u2019ESBA.<br \/>A. A.<\/p>\n<p>Auteur:<br \/>\n<a href=\"https:\/\/www.lesoirdalgerie.com\/sports\/pas-de-repit-pour-les-crabes-57604\">Cliquez ici pour lire l&rsquo;article depuis sa source.<\/a><\/p>\n","protected":false},"excerpt":{"rendered":"<p>Aussit\u00f4t apr\u00e8s leur brillant succ\u00e8s, le premier de la saison, face \u00e0 l\u2019ES Ben-Aknoun \u00e0 Alger, les joueurs du MO B\u00e9ja\u00efa ont repris les entra\u00eenements samedi, sans b\u00e9n\u00e9ficier de repos. Alors qu\u2019ils sont rentr\u00e9s dimanche martin \u00e0 Bougie, les Crabes se sont entra\u00een\u00e9s dans l\u2019apr\u00e8s-midi sur la nouvelle pelouse du stade de l\u2019OPO, et ce, [&hellip;]<\/p>\n","protected":false},"author":1741,"featured_media":0,"comment_status":"closed","ping_status":"closed","sticky":false,"template":"","format":"standard","meta":{"fifu_image_url":"","fifu_image_alt":"","footnotes":""},"categories":[73,53],"tags":[],"class_list":["post-112819","post","type-post","status-publish","format-standard","hentry","category-actualite","category-algerie"],"_links":{"self":[{"href":"https:\/\/linitiative.ca\/International\/wp-json\/wp\/v2\/posts\/112819","targetHints":{"allow":["GET"]}}],"collection":[{"href":"https:\/\/linitiative.ca\/International\/wp-json\/wp\/v2\/posts"}],"about":[{"href":"https:\/\/linitiative.ca\/International\/wp-json\/wp\/v2\/types\/post"}],"author":[{"embeddable":true,"href":"https:\/\/linitiative.ca\/International\/wp-json\/wp\/v2\/users\/1741"}],"replies":[{"embeddable":true,"href":"https:\/\/linitiative.ca\/International\/wp-json\/wp\/v2\/comments?post=112819"}],"version-history":[{"count":0,"href":"https:\/\/linitiative.ca\/International\/wp-json\/wp\/v2\/posts\/112819\/revisions"}],"wp:attachment":[{"href":"https:\/\/linitiative.ca\/International\/wp-json\/wp\/v2\/media?parent=112819"}],"wp:term":[{"taxonomy":"category","embeddable":true,"href":"https:\/\/linitiative.ca\/International\/wp-json\/wp\/v2\/categories?post=112819"},{"taxonomy":"post_tag","embeddable":true,"href":"https:\/\/linitiative.ca\/International\/wp-json\/wp\/v2\/tags?post=112819"}],"curies":[{"name":"wp","href":"https:\/\/api.w.org\/{rel}","templated":true}]}}