{"id":112820,"date":"2021-03-09T05:00:00","date_gmt":"2021-03-09T10:00:00","guid":{"rendered":"https:\/\/linitiative.ca\/International\/fin-de-saison-pour-ghoulam\/"},"modified":"2021-03-09T05:00:00","modified_gmt":"2021-03-09T10:00:00","slug":"fin-de-saison-pour-ghoulam","status":"publish","type":"post","link":"https:\/\/linitiative.ca\/International\/fin-de-saison-pour-ghoulam\/","title":{"rendered":"Fin de saison pour Ghoulam"},"content":{"rendered":"<p>Le verdict est implacable : rupture des ligaments du genou gauche ! Faouzi Ghoulam n\u2019en revient pas, lui qui pensait que son cauchemar \u00e9tait fini depuis que l\u2019entra\u00eeneur du Napoli, Gattuso, semblait \u00abforc\u00e9\u00bb \u00e0 reconna\u00eetre qu\u2019il est utile \u00e0 l\u2019\u00e9quipe et \u00e0 le r\u00e9int\u00e9grer comme titulaire. Mais, dimanche face \u00e0 Bologne, Ghoulam sort du terrain au bout de vingt prometteuses minutes. Il se tient le genou gauche, pas le droit, celui qui lui a caus\u00e9 une longue indisponibilit\u00e9 et un retour \u00absaccad\u00e9\u00bb sur les terrains. De novembre 2017 \u00e0 f\u00e9vrier 2021, la carri\u00e8re de l\u2019international alg\u00e9rien a peut-\u00eatre d\u00e9finitivement bascul\u00e9. Hier, au sortir de la clinique Villa Stuart de Rome o\u00f9 il a pass\u00e9 des examens approfondis, apr\u00e8s ceux effectu\u00e9s dans une clinique napolitaine durant la nuit de dimanche \u00e0 lundi, Ghoulam n\u2019arrivait pas \u00e0 dig\u00e9rer. Lui qui se savait gravement touch\u00e9 suite \u00e0 une action anodine. Les premi\u00e8res impressions du staff m\u00e9dical de Naples \u00e9voquaient une entorse du genou, blessure qui est d\u00e9j\u00e0 d\u2019une certaine gravit\u00e9 pour un sportif de haut niveau. Le club n\u2019a pas tard\u00e9 \u00e0 prendre en charge le joueur dirig\u00e9 vers une clinique de la ville avant qu\u2019il ne soit emmen\u00e9, hier matin, \u00e0 Rome pour des examens plus approfondis. Quelques heures ont \u00e9t\u00e9 suffisantes pour trancher le cas de Ghoulam. Sa blessure n\u00e9cessitera une op\u00e9ration chirurgicale dans les meilleurs d\u00e9lais. C\u2019est donc la fin de saison du d\u00e9fenseur alg\u00e9rien qui revenait bien ces derniers temps o\u00f9 il \u00e9tait titulaire face \u00e0 Grenade en Europa Ligue puis contre Benevento, en Serie A. Son entra\u00eeneur, Gattuso, estimant qu\u2019il ne pouvait l\u2019aligner r\u00e9guli\u00e8rement pour ne pas compromettre sa progression. Hier, la confirmation de la blessure (rupture des ligaments du genou gauche) a sonn\u00e9 comme un coup d\u2019arr\u00eat pour un footballeur qui a refus\u00e9 de quitter Naples par d\u00e9fi. Son contrat avec le club du V\u00e9suve s\u2019ach\u00e8ve en \u00e9t\u00e9 2022, mais apr\u00e8s quatre ann\u00e9es de gal\u00e8re, l\u2019ancien St\u00e9phanois pourrait renoncer \u00e0 poursuivre sa carri\u00e8re. Tout simplement.<br \/>M. B.<\/p>\n<p>Auteur:<br \/>\n<a href=\"https:\/\/www.lesoirdalgerie.com\/sports\/fin-de-saison-pour-ghoulam-57603\">Cliquez ici pour lire l&rsquo;article depuis sa source.<\/a><\/p>\n","protected":false},"excerpt":{"rendered":"<p>Le verdict est implacable : rupture des ligaments du genou gauche ! Faouzi Ghoulam n\u2019en revient pas, lui qui pensait que son cauchemar \u00e9tait fini depuis que l\u2019entra\u00eeneur du Napoli, Gattuso, semblait \u00abforc\u00e9\u00bb \u00e0 reconna\u00eetre qu\u2019il est utile \u00e0 l\u2019\u00e9quipe et \u00e0 le r\u00e9int\u00e9grer comme titulaire. Mais, dimanche face \u00e0 Bologne, Ghoulam sort du terrain [&hellip;]<\/p>\n","protected":false},"author":1741,"featured_media":0,"comment_status":"closed","ping_status":"closed","sticky":false,"template":"","format":"standard","meta":{"fifu_image_url":"","fifu_image_alt":"","footnotes":""},"categories":[73,53],"tags":[],"class_list":["post-112820","post","type-post","status-publish","format-standard","hentry","category-actualite","category-algerie"],"_links":{"self":[{"href":"https:\/\/linitiative.ca\/International\/wp-json\/wp\/v2\/posts\/112820","targetHints":{"allow":["GET"]}}],"collection":[{"href":"https:\/\/linitiative.ca\/International\/wp-json\/wp\/v2\/posts"}],"about":[{"href":"https:\/\/linitiative.ca\/International\/wp-json\/wp\/v2\/types\/post"}],"author":[{"embeddable":true,"href":"https:\/\/linitiative.ca\/International\/wp-json\/wp\/v2\/users\/1741"}],"replies":[{"embeddable":true,"href":"https:\/\/linitiative.ca\/International\/wp-json\/wp\/v2\/comments?post=112820"}],"version-history":[{"count":0,"href":"https:\/\/linitiative.ca\/International\/wp-json\/wp\/v2\/posts\/112820\/revisions"}],"wp:attachment":[{"href":"https:\/\/linitiative.ca\/International\/wp-json\/wp\/v2\/media?parent=112820"}],"wp:term":[{"taxonomy":"category","embeddable":true,"href":"https:\/\/linitiative.ca\/International\/wp-json\/wp\/v2\/categories?post=112820"},{"taxonomy":"post_tag","embeddable":true,"href":"https:\/\/linitiative.ca\/International\/wp-json\/wp\/v2\/tags?post=112820"}],"curies":[{"name":"wp","href":"https:\/\/api.w.org\/{rel}","templated":true}]}}