{"id":112821,"date":"2021-03-09T05:00:00","date_gmt":"2021-03-09T10:00:00","guid":{"rendered":"https:\/\/linitiative.ca\/International\/la-lnfa-ne-reconnait-plus-le-stade-maghreb\/"},"modified":"2021-03-09T05:00:00","modified_gmt":"2021-03-09T10:00:00","slug":"la-lnfa-ne-reconnait-plus-le-stade-maghreb","status":"publish","type":"post","link":"https:\/\/linitiative.ca\/International\/la-lnfa-ne-reconnait-plus-le-stade-maghreb\/","title":{"rendered":"La LNFA ne reconna\u00eet plus le stade \u00abMaghreb\u00bb"},"content":{"rendered":"<p>La Ligue nationale de football amateur (LNFA) annonce avoir d\u00e9cid\u00e9 de retirer l\u2019homologation du stade de Oued-R\u2019hiou \u00absuite aux rapports des officiels des matchs de la LNFA\u00bb. Celle-ci invite le RCB Oued-R\u2019hiou \u00e0 communiquer \u00e0 la Ligue, dans les meilleurs d\u00e9lais, un stade d\u00fbment homologu\u00e9 pour sa domiciliation pour les prochaines journ\u00e9es. Si le RCBOR affronte jeudi le MCB Oued-Sly en match de la 5e journ\u00e9e, le club de Oued-R\u2019hiou devra chercher un terrain pour accueillir le MC Sa\u00efda mardi 16 mars pour la 6e journ\u00e9e.<br \/>A. A.<\/p>\n<p>Auteur:<br \/>\n<a href=\"https:\/\/www.lesoirdalgerie.com\/sports\/la-lnfa-ne-reconnait-plus-le-stade-maghreb-57602\">Cliquez ici pour lire l&rsquo;article depuis sa source.<\/a><\/p>\n","protected":false},"excerpt":{"rendered":"<p>La Ligue nationale de football amateur (LNFA) annonce avoir d\u00e9cid\u00e9 de retirer l\u2019homologation du stade de Oued-R\u2019hiou \u00absuite aux rapports des officiels des matchs de la LNFA\u00bb. Celle-ci invite le RCB Oued-R\u2019hiou \u00e0 communiquer \u00e0 la Ligue, dans les meilleurs d\u00e9lais, un stade d\u00fbment homologu\u00e9 pour sa domiciliation pour les prochaines journ\u00e9es. Si le RCBOR [&hellip;]<\/p>\n","protected":false},"author":1741,"featured_media":0,"comment_status":"closed","ping_status":"closed","sticky":false,"template":"","format":"standard","meta":{"fifu_image_url":"","fifu_image_alt":"","footnotes":""},"categories":[73,53],"tags":[],"class_list":["post-112821","post","type-post","status-publish","format-standard","hentry","category-actualite","category-algerie"],"_links":{"self":[{"href":"https:\/\/linitiative.ca\/International\/wp-json\/wp\/v2\/posts\/112821","targetHints":{"allow":["GET"]}}],"collection":[{"href":"https:\/\/linitiative.ca\/International\/wp-json\/wp\/v2\/posts"}],"about":[{"href":"https:\/\/linitiative.ca\/International\/wp-json\/wp\/v2\/types\/post"}],"author":[{"embeddable":true,"href":"https:\/\/linitiative.ca\/International\/wp-json\/wp\/v2\/users\/1741"}],"replies":[{"embeddable":true,"href":"https:\/\/linitiative.ca\/International\/wp-json\/wp\/v2\/comments?post=112821"}],"version-history":[{"count":0,"href":"https:\/\/linitiative.ca\/International\/wp-json\/wp\/v2\/posts\/112821\/revisions"}],"wp:attachment":[{"href":"https:\/\/linitiative.ca\/International\/wp-json\/wp\/v2\/media?parent=112821"}],"wp:term":[{"taxonomy":"category","embeddable":true,"href":"https:\/\/linitiative.ca\/International\/wp-json\/wp\/v2\/categories?post=112821"},{"taxonomy":"post_tag","embeddable":true,"href":"https:\/\/linitiative.ca\/International\/wp-json\/wp\/v2\/tags?post=112821"}],"curies":[{"name":"wp","href":"https:\/\/api.w.org\/{rel}","templated":true}]}}