{"id":112822,"date":"2021-03-09T05:00:00","date_gmt":"2021-03-09T10:00:00","guid":{"rendered":"https:\/\/linitiative.ca\/International\/les-zebres-en-stage\/"},"modified":"2021-03-09T05:00:00","modified_gmt":"2021-03-09T10:00:00","slug":"les-zebres-en-stage","status":"publish","type":"post","link":"https:\/\/linitiative.ca\/International\/les-zebres-en-stage\/","title":{"rendered":"Les Z\u00e8bres en stage"},"content":{"rendered":"<p>Depuis la fin du mois dernier, les Z\u00e8bres du Botswana de l\u2019entra\u00eeneur alg\u00e9rien Adel Amrouche pr\u00e9parent leurs deux prochains rendez-vous des \u00e9liminatoires de la CAN-2021 face au Zimbabwe le 25 mars \u00e0 Francistown et l\u2019Alg\u00e9rie \u00e0 Blida.<br \/>Le stage se d\u00e9roule alors que les diff\u00e9rents Championnats locaux sont \u00e0 l\u2019arr\u00eat depuis le 28 f\u00e9vrier en raison de la situation pand\u00e9mique que conna\u00eet la r\u00e9gion de l\u2019Afrique australe. Les membres de l\u2019\u00e9quipe botswanaise sont install\u00e9s \u00e0 l\u2019h\u00f4tel \u00abRegent\u00bb et s\u2019entra\u00eenent quotidiennement en vue de leur double confrontation. Toutefois, le suspense demeure entier quant au d\u00e9placement des Z\u00e8bres en Alg\u00e9rie, faute d\u2019autorisations d\u2019entr\u00e9e de la part des Alg\u00e9riens et de sortie pour ce qui est des autorit\u00e9s locales. Adel Amrouche qui envisageait un match amical contre le Rwanda m\u00e8ne toujours une \u00abguerre\u00bb contre certains s\u00e9lectionn\u00e9s indisciplin\u00e9s qui perturbent le regroupement, \u00e0 l\u2019exemple de Tshepho Maikano (Gaborone United) qui aurait quitt\u00e9 le lieu du stage en signe de protestation contre les agissements de l\u2019entra\u00eeneur. Apr\u00e8s une premi\u00e8re semaine de prise de contact, les joueurs locaux ont \u00e9t\u00e9 r\u00e9unis \u00e0 nouveau dimanche pour le vrai d\u00e9marrage de la pr\u00e9paration des matchs de cette fin de mois.<br \/>Les joueurs \u00e9voluant \u00e0 l\u2019\u00e9tranger, notamment en Afrique du Sud (Mogakolodi \u00abTsotso\u00bb Ngele et Tshakhuma Tsha Madzivhandila) et au Maroc (Tumisang Orebonye, Kabelo Seakanyeng et Simisani Mathumo), rejoindront le groupe quelques jours avant la date du premier match contre le Zimbabwe.<br \/>M. B.<\/p>\n<p>Auteur:<br \/>\n<a href=\"https:\/\/www.lesoirdalgerie.com\/sports\/les-zebres-en-stage-57601\">Cliquez ici pour lire l&rsquo;article depuis sa source.<\/a><\/p>\n","protected":false},"excerpt":{"rendered":"<p>Depuis la fin du mois dernier, les Z\u00e8bres du Botswana de l\u2019entra\u00eeneur alg\u00e9rien Adel Amrouche pr\u00e9parent leurs deux prochains rendez-vous des \u00e9liminatoires de la CAN-2021 face au Zimbabwe le 25 mars \u00e0 Francistown et l\u2019Alg\u00e9rie \u00e0 Blida.Le stage se d\u00e9roule alors que les diff\u00e9rents Championnats locaux sont \u00e0 l\u2019arr\u00eat depuis le 28 f\u00e9vrier en raison [&hellip;]<\/p>\n","protected":false},"author":1741,"featured_media":0,"comment_status":"closed","ping_status":"closed","sticky":false,"template":"","format":"standard","meta":{"fifu_image_url":"","fifu_image_alt":"","footnotes":""},"categories":[73,53],"tags":[],"class_list":["post-112822","post","type-post","status-publish","format-standard","hentry","category-actualite","category-algerie"],"_links":{"self":[{"href":"https:\/\/linitiative.ca\/International\/wp-json\/wp\/v2\/posts\/112822","targetHints":{"allow":["GET"]}}],"collection":[{"href":"https:\/\/linitiative.ca\/International\/wp-json\/wp\/v2\/posts"}],"about":[{"href":"https:\/\/linitiative.ca\/International\/wp-json\/wp\/v2\/types\/post"}],"author":[{"embeddable":true,"href":"https:\/\/linitiative.ca\/International\/wp-json\/wp\/v2\/users\/1741"}],"replies":[{"embeddable":true,"href":"https:\/\/linitiative.ca\/International\/wp-json\/wp\/v2\/comments?post=112822"}],"version-history":[{"count":0,"href":"https:\/\/linitiative.ca\/International\/wp-json\/wp\/v2\/posts\/112822\/revisions"}],"wp:attachment":[{"href":"https:\/\/linitiative.ca\/International\/wp-json\/wp\/v2\/media?parent=112822"}],"wp:term":[{"taxonomy":"category","embeddable":true,"href":"https:\/\/linitiative.ca\/International\/wp-json\/wp\/v2\/categories?post=112822"},{"taxonomy":"post_tag","embeddable":true,"href":"https:\/\/linitiative.ca\/International\/wp-json\/wp\/v2\/tags?post=112822"}],"curies":[{"name":"wp","href":"https:\/\/api.w.org\/{rel}","templated":true}]}}