{"id":112823,"date":"2021-03-09T05:00:00","date_gmt":"2021-03-09T10:00:00","guid":{"rendered":"https:\/\/linitiative.ca\/International\/les-chipolopolos-entament-les-preparatifs-pour-lalgerie\/"},"modified":"2021-03-09T05:00:00","modified_gmt":"2021-03-09T10:00:00","slug":"les-chipolopolos-entament-les-preparatifs-pour-lalgerie","status":"publish","type":"post","link":"https:\/\/linitiative.ca\/International\/les-chipolopolos-entament-les-preparatifs-pour-lalgerie\/","title":{"rendered":"Les Chipolopolos entament les pr\u00e9paratifs pour l\u2019Alg\u00e9rie"},"content":{"rendered":"<p>La s\u00e9lection zambienne qui doit affronter l\u2019EN alg\u00e9rienne le 25 mars prochain \u00e0 Lusaka puis le Zimbabwe, \u00e0 Harare, quatre jours plus tard, est d\u00e9j\u00e0 sur le pont. Dimanche, l\u2019\u00e9quipe dirig\u00e9e par l\u2019entra\u00eeneur serbe Milutin \u00abMicho\u00bb Sr\u00e9dojevic a entam\u00e9 ses pr\u00e9paratifs pour les deux rendez-vous comptant pour les deux derni\u00e8res journ\u00e9es des qualifications \u00e0 la CAN du Cameroun en 2022. Le premier rassemblement est r\u00e9serv\u00e9 aux locaux, 20 joueurs au total apr\u00e8s l\u2019ajout de quatre nouveaux \u00e9l\u00e9ments appel\u00e9s pour palier \u00e0 toute mauvaise surprise. Les expatri\u00e9s, au nombre de 15, rallieront le stage lors des dates Fifa.<\/p>\n<p>Auteur:<br \/>\n<a href=\"https:\/\/www.lesoirdalgerie.com\/sports\/les-chipolopolos-entament-les-preparatifs-pour-lalgerie-57600\">Cliquez ici pour lire l&rsquo;article depuis sa source.<\/a><\/p>\n","protected":false},"excerpt":{"rendered":"<p>La s\u00e9lection zambienne qui doit affronter l\u2019EN alg\u00e9rienne le 25 mars prochain \u00e0 Lusaka puis le Zimbabwe, \u00e0 Harare, quatre jours plus tard, est d\u00e9j\u00e0 sur le pont. Dimanche, l\u2019\u00e9quipe dirig\u00e9e par l\u2019entra\u00eeneur serbe Milutin \u00abMicho\u00bb Sr\u00e9dojevic a entam\u00e9 ses pr\u00e9paratifs pour les deux rendez-vous comptant pour les deux derni\u00e8res journ\u00e9es des qualifications \u00e0 la [&hellip;]<\/p>\n","protected":false},"author":1741,"featured_media":0,"comment_status":"closed","ping_status":"closed","sticky":false,"template":"","format":"standard","meta":{"fifu_image_url":"","fifu_image_alt":"","footnotes":""},"categories":[73,53],"tags":[],"class_list":["post-112823","post","type-post","status-publish","format-standard","hentry","category-actualite","category-algerie"],"_links":{"self":[{"href":"https:\/\/linitiative.ca\/International\/wp-json\/wp\/v2\/posts\/112823","targetHints":{"allow":["GET"]}}],"collection":[{"href":"https:\/\/linitiative.ca\/International\/wp-json\/wp\/v2\/posts"}],"about":[{"href":"https:\/\/linitiative.ca\/International\/wp-json\/wp\/v2\/types\/post"}],"author":[{"embeddable":true,"href":"https:\/\/linitiative.ca\/International\/wp-json\/wp\/v2\/users\/1741"}],"replies":[{"embeddable":true,"href":"https:\/\/linitiative.ca\/International\/wp-json\/wp\/v2\/comments?post=112823"}],"version-history":[{"count":0,"href":"https:\/\/linitiative.ca\/International\/wp-json\/wp\/v2\/posts\/112823\/revisions"}],"wp:attachment":[{"href":"https:\/\/linitiative.ca\/International\/wp-json\/wp\/v2\/media?parent=112823"}],"wp:term":[{"taxonomy":"category","embeddable":true,"href":"https:\/\/linitiative.ca\/International\/wp-json\/wp\/v2\/categories?post=112823"},{"taxonomy":"post_tag","embeddable":true,"href":"https:\/\/linitiative.ca\/International\/wp-json\/wp\/v2\/tags?post=112823"}],"curies":[{"name":"wp","href":"https:\/\/api.w.org\/{rel}","templated":true}]}}