{"id":112826,"date":"2021-03-09T08:00:00","date_gmt":"2021-03-09T13:00:00","guid":{"rendered":"https:\/\/linitiative.ca\/International\/50-femmes-qui-comptent-nell-stewart-ambassadeure-du-canada-au-maroc\/"},"modified":"2021-03-09T08:00:00","modified_gmt":"2021-03-09T13:00:00","slug":"50-femmes-qui-comptent-nell-stewart-ambassadeure-du-canada-au-maroc","status":"publish","type":"post","link":"https:\/\/linitiative.ca\/International\/50-femmes-qui-comptent-nell-stewart-ambassadeure-du-canada-au-maroc\/","title":{"rendered":"50 femmes qui comptent : Nell Stewart, ambassadeure du Canada au Maroc"},"content":{"rendered":"<p><strong>Pour nous, il ne s\u2019agit pas de c\u00e9l\u00e9brer la journ\u00e9e de la femme, comme un cadeau annuel fait \u00e0 la gente f\u00e9minine. C\u2019est plut\u00f4t l\u2019occasion de faire le point sur un combat essentiel, celui de l\u2019\u00e9mancipation de la moiti\u00e9 de la population et l\u2019\u00e9valuation de son apport aux transformations sociales, ce que l\u2019on appelle commun\u00e9ment d\u00e9veloppement et qui ne se r\u00e9sume pas aux quantifications \u00e9conomiques. Pour cela, nous avons choisi de mettre en avant un riche panel, \u00e0 travers\u00a0ces portraits repr\u00e9sentatifs de cette g\u00e9n\u00e9ration de femmes qui s\u2019assument.<\/strong> <strong>Un portrait \u00e0 d\u00e9couvrir<\/strong> : <strong>Nell Stewart, ambassadeure du Canada au Maroc.<\/strong><\/p>\n<div class=\"c10\">\n<\/div>\n<p>Seule \u00e9trang\u00e8re de ce classement, Nell Stewart est ambassadeure du Canada au Royaume du Maroc depuis octobre 2019. Mais en peu temps, elle s\u2019est d\u00e9j\u00e0 distingu\u00e9e sur plusieurs fronts notamment politique, \u00e9conomique, social et plus particuli\u00e8rement pour ce qui est de la promotion de la parit\u00e9 et de l\u2019inclusion des femmes dans le d\u00e9veloppement socio-\u00e9conomique du pays. Il faut dire que pour Nell Stewart, cette th\u00e9matique a \u00e9t\u00e9 centrale pour son parcours professionnel quand elle a rejoint la mission permanente canadienne aupr\u00e8s de l\u2019ONU en tant que charg\u00e9e des dossiers des droits de la personne et de l\u2019\u00e9galit\u00e9 des genres et ce, avant de remettre ses cr\u00e9ances au gouvernement marocain. Avant cela, Nell Stewart avait d\u00e9marr\u00e9 sa carri\u00e8re dans une ONG des droits de l\u2019Homme.<\/p>\n<p><strong>Lire aussi | <a href=\"https:\/\/www.challenge.ma\/egalite-des-genres-dans-les-banques-centrales-le-maroc-au-70eme-rang-mondial-177477\/\" target=\"_blank\" rel=\"noreferrer noopener\">\u00c9galit\u00e9 des genres dans les banques centrales : le Maroc au 70\u00e8me rang mondial<\/a><\/strong><\/p>\n<p>Pour cette diplomate et fervente militante de l\u2019\u00e9galit\u00e9 des genres, \u00ab le Maroc a r\u00e9alis\u00e9 de grands pas en mati\u00e8re d\u2019\u00e9galit\u00e9 des genres en adoptant des r\u00e9formes courageuses, et en s\u2019inscrivant dans une dynamique positive quant \u00e0 l\u2019approche adopt\u00e9e pour adresser la cause des femmes\u2026 Mais force est de constater que la pleine participation des femmes et l\u2019\u00e9galit\u00e9 des chances pour l\u2019acc\u00e8s au leadership souffrent encore de st\u00e9r\u00e9otypes n\u00e9gatifs qui font que leur pr\u00e9sence en nombre reste limit\u00e9e. Comme d\u2019ailleurs dans diff\u00e9rents pays, l\u2019acc\u00e8s des femmes aux postes de direction est plus limit\u00e9 que ce qui devrait l\u2019\u00eatre, \u00e9tant donn\u00e9 le r\u00e9servoir formidable de comp\u00e9tences et de talents disponibles \u00bb.<\/p>\n<p><strong>Lire aussi | <a href=\"https:\/\/www.challenge.ma\/afem-convention-avec-la-cfcim-pour-promouvoir-la-creation-dentreprise-177475\/\" target=\"_blank\" rel=\"noreferrer noopener\">AFEM : convention avec la CFCIM pour promouvoir la cr\u00e9ation d\u2019entreprise<\/a><\/strong><\/p>\n<p class=\"has-background c11\">Les capacit\u00e9s sont l\u00e0 \u00e0 tous les niveaux : politique, \u00e9conomique, acad\u00e9mique, social et culturel\u2026 pour atteindre la parit\u00e9. Je pense que les diff\u00e9rents acteurs sont conscients de l\u2019enjeu de l\u2019\u00e9galit\u00e9 des genres pour en faire la promotion et l\u2019encourager pour la r\u00e9alisation d\u2019une soci\u00e9t\u00e9 plus juste, plus prosp\u00e8re et plus durable qui profite \u00e0 tous. Je suis convaincue que le Maroc est sur la bonne voie pour atteindre \u00e0 terme l\u2019\u00e9galit\u00e9 pleine et enti\u00e8re et que les ann\u00e9es \u00e0 venir permettront d\u2019asseoir encore plus cette approche pour un d\u00e9veloppement qui permettra \u00e0 toutes et \u00e0 tous de r\u00e9aliser leur plein potentiel.<\/p>\n<figure class=\"wp-block-image size-large\"><a href=\"https:\/\/emag.challenge.ma\/780\/mobile\/index.html\" target=\"_blank\" rel=\"noopener\"><img decoding=\"async\" loading=\"lazy\" width=\"798\" height=\"1024\" src=\"https:\/\/www.challenge.ma\/wp-content\/uploads\/2021\/03\/Challenge-780-special-8-mars-798x1024.jpg\" alt=\"\" class=\"wp-image-177090\" srcset=\"https:\/\/www.challenge.ma\/wp-content\/uploads\/2021\/03\/Challenge-780-special-8-mars-798x1024.jpg 798w, https:\/\/www.challenge.ma\/wp-content\/uploads\/2021\/03\/Challenge-780-special-8-mars-234x300.jpg 234w, https:\/\/www.challenge.ma\/wp-content\/uploads\/2021\/03\/Challenge-780-special-8-mars-768x986.jpg 768w, https:\/\/www.challenge.ma\/wp-content\/uploads\/2021\/03\/Challenge-780-special-8-mars-360x462.jpg 360w, https:\/\/www.challenge.ma\/wp-content\/uploads\/2021\/03\/Challenge-780-special-8-mars-750x962.jpg 750w, https:\/\/www.challenge.ma\/wp-content\/uploads\/2021\/03\/Challenge-780-special-8-mars.jpg 1013w\" sizes=\"auto, (max-width: 798px) 100vw, 798px\"\/><\/a><\/figure>\n<p>Auteur: challenge<br \/>\n<a href=\"https:\/\/www.challenge.ma\/50-femmes-qui-comptent-nell-stewart-ambassadeure-du-canada-au-maroc-177513\/\">Cliquez ici pour lire l&rsquo;article depuis sa source.<\/a><\/p>\n","protected":false},"excerpt":{"rendered":"<p>Pour nous, il ne s\u2019agit pas de c\u00e9l\u00e9brer la journ\u00e9e de la femme, comme un cadeau annuel fait \u00e0 la gente f\u00e9minine. C\u2019est plut\u00f4t l\u2019occasion de faire le point sur un combat essentiel, celui de l\u2019\u00e9mancipation de la moiti\u00e9 de la population et l\u2019\u00e9valuation de son apport aux transformations sociales, ce que l\u2019on appelle commun\u00e9ment [&hellip;]<\/p>\n","protected":false},"author":1787,"featured_media":0,"comment_status":"closed","ping_status":"closed","sticky":false,"template":"","format":"standard","meta":{"fifu_image_url":"https:\/\/www.challenge.ma\/wp-content\/uploads\/2021\/03\/Challenge-780-special-8-mars-798x1024.jpg","fifu_image_alt":"50 femmes qui comptent : Nell Stewart, ambassadeure du Canada au Maroc","footnotes":""},"categories":[78,54],"tags":[],"class_list":["post-112826","post","type-post","status-publish","format-standard","hentry","category-economie","category-maroc"],"_links":{"self":[{"href":"https:\/\/linitiative.ca\/International\/wp-json\/wp\/v2\/posts\/112826","targetHints":{"allow":["GET"]}}],"collection":[{"href":"https:\/\/linitiative.ca\/International\/wp-json\/wp\/v2\/posts"}],"about":[{"href":"https:\/\/linitiative.ca\/International\/wp-json\/wp\/v2\/types\/post"}],"author":[{"embeddable":true,"href":"https:\/\/linitiative.ca\/International\/wp-json\/wp\/v2\/users\/1787"}],"replies":[{"embeddable":true,"href":"https:\/\/linitiative.ca\/International\/wp-json\/wp\/v2\/comments?post=112826"}],"version-history":[{"count":0,"href":"https:\/\/linitiative.ca\/International\/wp-json\/wp\/v2\/posts\/112826\/revisions"}],"wp:attachment":[{"href":"https:\/\/linitiative.ca\/International\/wp-json\/wp\/v2\/media?parent=112826"}],"wp:term":[{"taxonomy":"category","embeddable":true,"href":"https:\/\/linitiative.ca\/International\/wp-json\/wp\/v2\/categories?post=112826"},{"taxonomy":"post_tag","embeddable":true,"href":"https:\/\/linitiative.ca\/International\/wp-json\/wp\/v2\/tags?post=112826"}],"curies":[{"name":"wp","href":"https:\/\/api.w.org\/{rel}","templated":true}]}}