{"id":112827,"date":"2021-03-09T09:27:59","date_gmt":"2021-03-09T14:27:59","guid":{"rendered":"https:\/\/linitiative.ca\/International\/entrepreneuriat-banque-populaire-simplique-davantage\/"},"modified":"2021-03-09T09:27:59","modified_gmt":"2021-03-09T14:27:59","slug":"entrepreneuriat-banque-populaire-simplique-davantage","status":"publish","type":"post","link":"https:\/\/linitiative.ca\/International\/entrepreneuriat-banque-populaire-simplique-davantage\/","title":{"rendered":"Entrepreneuriat : Banque Populaire s\u2019implique davantage"},"content":{"rendered":"<p><strong>Le groupe Banque Centrale Populaire a r\u00e9cemment sign\u00e9 un accord de partenariat et de coop\u00e9ration avec la Chambre de commerce, d\u2019industrie et de services de Casablanca-Settat. Objectif\u00a0: accompagner les initiatives entrepreneuriales.<\/strong><\/p>\n<div class=\"c10\">\n<\/div>\n<p>L\u2019accord, qui a \u00e9t\u00e9 sign\u00e9 entre la Fondation du groupe Banque Centrale Populaire pour la cr\u00e9ation d\u2019entreprises et la Chambre de commerce, d\u2019industrie et de services de Casablanca-Settat, pr\u00e9voit la d\u00e9finition du cadre g\u00e9n\u00e9ral de coop\u00e9ration entre les deux institutions \u00e0 travers deux principaux axes. On apprend que le premier porte sur l\u2019accompagnement des porteurs de projets, des auto-entrepreneurs et des petites entreprises en cours de cr\u00e9ation ou r\u00e9cemment cr\u00e9\u00e9es, en ce qui concerne notamment la formation entrepreneuriale et de gestion, le conseil et l\u2019assistance.<\/p>\n<p><strong>Lire aussi| <a href=\"https:\/\/www.challenge.ma\/coronavirus-le-maroc-suspend-ses-liaisons-aeriennes-avec-6-autres-pays-177473\/\">Coronavirus : le Maroc suspend ses liaisons a\u00e9riennes avec 6 autres pays<\/a><\/strong><\/p>\n<p>Et, le second axe concerne l\u2019encouragement de l\u2019op\u00e9ration de cr\u00e9ation de l\u2019entreprise \u00e0 travers l\u2019\u00e9change d\u2019informations \u00e9conomiques, l\u2019organisation de manifestations et de programmes de promotion de la r\u00e9gion de Casablanca-Settat. Selon les deux parties, cet accord permettra l\u2019\u00e9mergence d\u2019un tissu \u00e9conomique dynamique et efficace, d\u2019autant plus que c\u2019est la cat\u00e9gorie des auto-entrepreneurs et des petites entreprises qui a \u00e9t\u00e9 durement affect\u00e9e par les r\u00e9percussions de la crise sanitaire. Dans le d\u00e9tail, la coop\u00e9ration entre les comp\u00e9tences des deux institutions se traduira par l\u2019\u00e9laboration d\u2019un plan d\u2019action commun dans le cadre des missions de sensibilisation et d\u2019accompagnement de la Chambre de commerce, d\u2019industrie et de services de Casablanca-Settat et de la Fondation d\u2019entreprises de la Banque Populaire.<\/p>\n<p><strong>Lire aussi| <a href=\"https:\/\/www.challenge.ma\/lindice-des-paradis-fiscaux-2021-les-multinationales-a-la-loupe-177523\/\">L\u2019indice des paradis fiscaux 2021 : les multinationales \u00e0 la loupe !<\/a><\/strong><\/p>\n<p>Auteur: challenge<br \/>\n<a href=\"https:\/\/www.challenge.ma\/entrepreneuriat-banque-populaire-simplique-davantage-177531\/\">Cliquez ici pour lire l&rsquo;article depuis sa source.<\/a><\/p>\n","protected":false},"excerpt":{"rendered":"<p>Le groupe Banque Centrale Populaire a r\u00e9cemment sign\u00e9 un accord de partenariat et de coop\u00e9ration avec la Chambre de commerce, d\u2019industrie et de services de Casablanca-Settat. Objectif\u00a0: accompagner les initiatives entrepreneuriales. L\u2019accord, qui a \u00e9t\u00e9 sign\u00e9 entre la Fondation du groupe Banque Centrale Populaire pour la cr\u00e9ation d\u2019entreprises et la Chambre de commerce, d\u2019industrie et [&hellip;]<\/p>\n","protected":false},"author":1787,"featured_media":0,"comment_status":"closed","ping_status":"closed","sticky":false,"template":"","format":"standard","meta":{"fifu_image_url":"","fifu_image_alt":"","footnotes":""},"categories":[78,54],"tags":[],"class_list":["post-112827","post","type-post","status-publish","format-standard","hentry","category-economie","category-maroc"],"_links":{"self":[{"href":"https:\/\/linitiative.ca\/International\/wp-json\/wp\/v2\/posts\/112827","targetHints":{"allow":["GET"]}}],"collection":[{"href":"https:\/\/linitiative.ca\/International\/wp-json\/wp\/v2\/posts"}],"about":[{"href":"https:\/\/linitiative.ca\/International\/wp-json\/wp\/v2\/types\/post"}],"author":[{"embeddable":true,"href":"https:\/\/linitiative.ca\/International\/wp-json\/wp\/v2\/users\/1787"}],"replies":[{"embeddable":true,"href":"https:\/\/linitiative.ca\/International\/wp-json\/wp\/v2\/comments?post=112827"}],"version-history":[{"count":0,"href":"https:\/\/linitiative.ca\/International\/wp-json\/wp\/v2\/posts\/112827\/revisions"}],"wp:attachment":[{"href":"https:\/\/linitiative.ca\/International\/wp-json\/wp\/v2\/media?parent=112827"}],"wp:term":[{"taxonomy":"category","embeddable":true,"href":"https:\/\/linitiative.ca\/International\/wp-json\/wp\/v2\/categories?post=112827"},{"taxonomy":"post_tag","embeddable":true,"href":"https:\/\/linitiative.ca\/International\/wp-json\/wp\/v2\/tags?post=112827"}],"curies":[{"name":"wp","href":"https:\/\/api.w.org\/{rel}","templated":true}]}}