{"id":112828,"date":"2021-03-09T09:35:00","date_gmt":"2021-03-09T14:35:00","guid":{"rendered":"https:\/\/linitiative.ca\/International\/50-femmes-qui-comptent-mouna-bennani-architecte\/"},"modified":"2021-03-09T09:35:00","modified_gmt":"2021-03-09T14:35:00","slug":"50-femmes-qui-comptent-mouna-bennani-architecte","status":"publish","type":"post","link":"https:\/\/linitiative.ca\/International\/50-femmes-qui-comptent-mouna-bennani-architecte\/","title":{"rendered":"50 femmes qui comptent : Mouna Bennani, Architecte"},"content":{"rendered":"<p><strong>Pour nous, il ne s\u2019agit pas de c\u00e9l\u00e9brer la journ\u00e9e de la femme, comme un cadeau annuel fait \u00e0 la gente f\u00e9minine. C\u2019est plut\u00f4t l\u2019occasion de faire le point sur un combat essentiel, celui de l\u2019\u00e9mancipation de la moiti\u00e9 de la population et l\u2019\u00e9valuation de son apport aux transformations sociales, ce que l\u2019on appelle commun\u00e9ment d\u00e9veloppement et qui ne se r\u00e9sume pas aux quantifications \u00e9conomiques. Pour cela, nous avons choisi de mettre en avant un riche panel, \u00e0 travers\u00a0ces portraits repr\u00e9sentatifs de cette g\u00e9n\u00e9ration de femmes qui s\u2019assument.\u00a0Un portrait \u00e0 d\u00e9couvrir\u00a0: Mouna Bennani, Architecte<\/strong>.<\/p>\n<div class=\"c10\">\n<\/div>\n<p>Native de Tanger, Mouna Bennani demeure une passionn\u00e9e inconditionnelle d\u2019architecture et de design. Une fois son baccalaur\u00e9at en poche, elle se dirige \u00e0 Paris pour y poursuivre des \u00e9tudes au sein de la prestigieuse \u00c9cole sp\u00e9ciale d\u2019architecture de Paris, un \u00e9tablissement d\u2019enseignement sup\u00e9rieur priv\u00e9. Elle y obtiendra en 2008 son dipl\u00f4me d\u2019architecte D.E.S.A, assorti des f\u00e9licitations du jury.<\/p>\n<p><strong>Lire aussi| <a href=\"https:\/\/www.challenge.ma\/coronavirus-le-maroc-suspend-ses-liaisons-aeriennes-avec-6-autres-pays-177473\/\">Coronavirus : le Maroc suspend ses liaisons a\u00e9riennes avec 6 autres pays<\/a><\/strong><\/p>\n<p>Souhaitant exercer au plus vite sa passion, elle entreprend dans la foul\u00e9e une s\u00e9rie de stages et autres \u00abworkshops\u00bb \u00e0 travers plusieurs pays du globe, dont la France, l\u2019Espagne, voire le Japon\u2026 Elle en profite pour se forger une solide exp\u00e9rience dans son domaine, gravissant les \u00e9chelons au sein de diff\u00e9rentes agences internationales de renom, dont l\u2019une \u00e0 Paris o\u00f9 elle officiera pendant quatre ans, avant de regagner sa terre natale courant 2011. Trois ans apr\u00e8s son retour, elle d\u00e9cide de voler de ses propres ailes et fonde l\u2019atelier \u00abMouna Bennani Architecture &amp; Design\u00bb.<\/p>\n<p><strong>Lire aussi| <a href=\"https:\/\/www.challenge.ma\/ocp-et-credit-agricole-du-maroc-sallient-pour-offrir-une-panoplie-de-solutions-aux-agriculteurs-177364\/\">OCP et Cr\u00e9dit Agricole du Maroc s\u2019allient pour offrir une panoplie de solutions aux agriculteurs<\/a><\/strong><\/p>\n<p>Attentive \u00e0 concilier forme et usage, elle s\u2019emploie \u00e0 travers ses r\u00e9alisations \u00e0 cr\u00e9er des lieux de vie qui combinent esth\u00e9tique, confort, praticit\u00e9 et fonctionnalit\u00e9, tout en conservant un langage po\u00e9tique qui fait justement la richesse de son regard. \u00abBien qu\u2019une certaine appr\u00e9hension puisse \u00eatre ressentie par mes interlocuteurs masculins, encore majoritaires dans le milieu du BTP, ce sont au final les comp\u00e9tences qui priment et permettent de nouer des relations de travail durables\u00bb, dira Mouna Bennani.<\/p>\n<p class=\"has-background c11\">Bien qu\u2019une certaine appr\u00e9hension puisse \u00eatre ressentie par mes interlocuteurs masculins, encore majoritaires dans le milieu du BTP, ce sont au final les comp\u00e9tences qui priment et permettent de nouer des relations de travail durables.<\/p>\n<p>Auteur: challenge<br \/>\n<a href=\"https:\/\/www.challenge.ma\/50-femmes-qui-comptent-mouna-bennani-architecte-177322\/\">Cliquez ici pour lire l&rsquo;article depuis sa source.<\/a><\/p>\n","protected":false},"excerpt":{"rendered":"<p>Pour nous, il ne s\u2019agit pas de c\u00e9l\u00e9brer la journ\u00e9e de la femme, comme un cadeau annuel fait \u00e0 la gente f\u00e9minine. C\u2019est plut\u00f4t l\u2019occasion de faire le point sur un combat essentiel, celui de l\u2019\u00e9mancipation de la moiti\u00e9 de la population et l\u2019\u00e9valuation de son apport aux transformations sociales, ce que l\u2019on appelle commun\u00e9ment [&hellip;]<\/p>\n","protected":false},"author":1787,"featured_media":0,"comment_status":"closed","ping_status":"closed","sticky":false,"template":"","format":"standard","meta":{"fifu_image_url":"","fifu_image_alt":"","footnotes":""},"categories":[78,54],"tags":[],"class_list":["post-112828","post","type-post","status-publish","format-standard","hentry","category-economie","category-maroc"],"_links":{"self":[{"href":"https:\/\/linitiative.ca\/International\/wp-json\/wp\/v2\/posts\/112828","targetHints":{"allow":["GET"]}}],"collection":[{"href":"https:\/\/linitiative.ca\/International\/wp-json\/wp\/v2\/posts"}],"about":[{"href":"https:\/\/linitiative.ca\/International\/wp-json\/wp\/v2\/types\/post"}],"author":[{"embeddable":true,"href":"https:\/\/linitiative.ca\/International\/wp-json\/wp\/v2\/users\/1787"}],"replies":[{"embeddable":true,"href":"https:\/\/linitiative.ca\/International\/wp-json\/wp\/v2\/comments?post=112828"}],"version-history":[{"count":0,"href":"https:\/\/linitiative.ca\/International\/wp-json\/wp\/v2\/posts\/112828\/revisions"}],"wp:attachment":[{"href":"https:\/\/linitiative.ca\/International\/wp-json\/wp\/v2\/media?parent=112828"}],"wp:term":[{"taxonomy":"category","embeddable":true,"href":"https:\/\/linitiative.ca\/International\/wp-json\/wp\/v2\/categories?post=112828"},{"taxonomy":"post_tag","embeddable":true,"href":"https:\/\/linitiative.ca\/International\/wp-json\/wp\/v2\/tags?post=112828"}],"curies":[{"name":"wp","href":"https:\/\/api.w.org\/{rel}","templated":true}]}}