{"id":112834,"date":"2021-03-09T14:35:10","date_gmt":"2021-03-09T19:35:10","guid":{"rendered":"https:\/\/linitiative.ca\/International\/attribution-du-prix-mo-ibrahim-au-president-nigerien\/"},"modified":"2021-03-09T14:35:10","modified_gmt":"2021-03-09T19:35:10","slug":"attribution-du-prix-mo-ibrahim-au-president-nigerien","status":"publish","type":"post","link":"https:\/\/linitiative.ca\/International\/attribution-du-prix-mo-ibrahim-au-president-nigerien\/","title":{"rendered":"ATTRIBUTION DU PRIX MO IBRAHIM AU PRESIDENT NIGERIEN\u00a0"},"content":{"rendered":"<p class=\"c4\"><em>Le prix Mo Ibrahim est d\u00e9cern\u00e9 depuis sa premi\u00e8re \u00e9dition en 2007, aux mod\u00e8les exceptionnels d\u2019Afrique, afin de magnifier leur exemplarit\u00e9 en mati\u00e8re de gouvernance vertueuse. Au titre de l\u2019ann\u00e9e 2021, ce prix a \u00e9t\u00e9 attribu\u00e9 \u00e0 \u00a0\u00a0\u00a0Mahamadou\u00a0\u00a0\u00a0 Issoufou, le d\u00e9sormais ex-pr\u00e9sident du Niger, qui passera bient\u00f4t la main, faisant de lui le 7<sup>\u00e8me<\/sup> pr\u00e9sident \u00e0 en b\u00e9n\u00e9ficier, apr\u00e8s trois ann\u00e9es de disette, faute de candidats.\u00a0<\/em> <em>Ce parce que justement, la mauvaise gouvernance continue de s\u00e9vir en Afrique, avec son corollaire de corruption g\u00e9n\u00e9ralis\u00e9e qui retarde le d\u00e9veloppement, d\u2019atteintes aux droits de l\u2019Homme et surtout de vell\u00e9it\u00e9s de s\u2019\u00e9terniser au pouvoir, au d\u00e9triment des principes constitutionnels.\u00a0<\/em> <em>Au regard des crit\u00e8res qui sont connus pour \u00eatre tr\u00e8s rigoureux, en ce qui concerne le prix Mo Ibrahim, des voix commencent \u00e0 s\u2019\u00e9lever comme pour mettre en doute, le m\u00e9rite de\u00a0 Mahamadou Issoufou. Mais l\u2019homme l\u2019a-t-il m\u00e9rit\u00e9 ?<\/em> <em>A la t\u00eate de la R\u00e9publique du Niger depuis le 7 avril 2011, sous la banni\u00e8re du Parti nig\u00e9rien pour la d\u00e9mocratie et le socialisme (PNDS), \u00a0Mahamadou Issoufou est le premier pr\u00e9sident d\u00e9mocratiquement \u00e9lu \u00a0du pays. Il a g\u00e9r\u00e9 le Niger pendant une dizaine d\u2019ann\u00e9es, avant de se plier aux exigences de la limitation des mandats. Ayant \u00e9t\u00e9 admirablement r\u00e9\u00e9lu au terme de son premier mandat, avec plus de 92 % des suffrages, beaucoup de Nig\u00e9riens avaient caress\u00e9 l\u2019espoir qu\u2019il continuerait de diriger le pays, au-del\u00e0 des deux mandats statutaires. C\u2019\u00e9tait sans compter avec l\u2019intransigeance de l\u2019homme qui a pr\u00e9f\u00e9r\u00e9 se conformer aux principes constitutionnels. Pour le Niger, il s\u2019agissait, \u00e0 l\u2019\u00e9poque, de la premi\u00e8re transition politique, dans cette jeune d\u00e9mocratie rythm\u00e9e par des coups d\u2019Etat. C\u2019est pourquoi \u00a0Mahamadou\u00a0 Issoufou peut \u00eatre consid\u00e9r\u00e9 comme le champion de l\u2019alternance politique\u00a0dans son pays.<\/em><\/p>\n<p class=\"c4\"><em>\u00a0<\/em><\/p>\n<p class=\"c6\"><strong><em>Mahamadou Issoufou a remport\u00e9 ce prix, en raison de son leadership exceptionnel<\/em><\/strong><\/p>\n<p class=\"c4\"><em>\u00a0<\/em><\/p>\n<p class=\"c4\"><em>Pourquoi alors, l\u2019attribution du prix Mo Ibrahim du leadership africain, \u00e0 cet homme politique hors pair, pourrait-il \u00eatre de nature \u00e0 d\u00e9plaire \u00e0 certains\u00a0? C\u2019est justement \u00e0 cause de ce que l\u2019on peut appeler le \u00ab\u00a0paradoxe nig\u00e9rien\u00a0\u00bb. En effet, le niveau d\u2019extr\u00eame pauvret\u00e9 dans ce pays qui est de 41, 4 % en 2019, reste l\u2019un des plus \u00e9lev\u00e9s au monde, touchant plus de 9,5 millions des populations nig\u00e9riennes. A contrario, le pays poss\u00e8de l\u2019un des plus riches sous-sols de l\u2019Afrique subsaharienne, avec, entre autres, d\u2019importantes r\u00e9serves d\u2019uranium, d\u2019or et de phosphate. Pourquoi le pr\u00e9sident Issoufou n\u2019est-il pas parvenu, au terme de dix ann\u00e9es d\u2019exercice du pouvoir, \u00e0 transformer le Niger en un eldorado ? Sur cette question, le Comit\u00e9 du prix Mo Ibrahim est cat\u00e9gorique. \u00a0Mahamadou Issoufou a remport\u00e9 ce prix, en raison de son leadership exceptionnel, dans un contexte o\u00f9 se conjuguent des d\u00e9fis apparemment insurmontables : extr\u00eame pauvret\u00e9, extr\u00e9misme violent et d\u00e9sertification croissante.<\/em> <em>L\u2019attribution de ce prix est \u00e0 l\u2019honneur du Niger et de l\u2019espace francophone tout entier. Il ne reste plus qu\u2019\u00e0 souhaiter que le Pr\u00e9sident Issoufou fasse des \u00e9mules parmi ses pairs encore en exercice. Car, les vell\u00e9it\u00e9s de briguer un troisi\u00e8me mandat, continuent de hanter et de gangrener le paysage politique africain.<\/em><\/p>\n<p class=\"c4\"><em>\u00a0<\/em><\/p>\n<p class=\"c6\"><strong><em>Monique NARE<\/em><\/strong><\/p>\n<p>Auteur: Editions LEPAYS<br \/>\n<a href=\"https:\/\/lepays.bf\/attribution-du-prix-mo-ibrahim-au-president-nigerien\/\">Cliquez ici pour lire l&rsquo;article depuis sa source.<\/a><\/p>\n","protected":false},"excerpt":{"rendered":"<p>Le prix Mo Ibrahim est d\u00e9cern\u00e9 depuis sa premi\u00e8re \u00e9dition en 2007, aux mod\u00e8les exceptionnels d\u2019Afrique, afin de magnifier leur exemplarit\u00e9 en mati\u00e8re de gouvernance vertueuse. Au titre de l\u2019ann\u00e9e 2021, ce prix a \u00e9t\u00e9 attribu\u00e9 \u00e0 \u00a0\u00a0\u00a0Mahamadou\u00a0\u00a0\u00a0 Issoufou, le d\u00e9sormais ex-pr\u00e9sident du Niger, qui passera bient\u00f4t la main, faisant de lui le 7\u00e8me pr\u00e9sident [&hellip;]<\/p>\n","protected":false},"author":1813,"featured_media":0,"comment_status":"closed","ping_status":"closed","sticky":false,"template":"","format":"standard","meta":{"fifu_image_url":"","fifu_image_alt":"","footnotes":""},"categories":[73,81],"tags":[],"class_list":["post-112834","post","type-post","status-publish","format-standard","hentry","category-actualite","category-burkina-faso"],"_links":{"self":[{"href":"https:\/\/linitiative.ca\/International\/wp-json\/wp\/v2\/posts\/112834","targetHints":{"allow":["GET"]}}],"collection":[{"href":"https:\/\/linitiative.ca\/International\/wp-json\/wp\/v2\/posts"}],"about":[{"href":"https:\/\/linitiative.ca\/International\/wp-json\/wp\/v2\/types\/post"}],"author":[{"embeddable":true,"href":"https:\/\/linitiative.ca\/International\/wp-json\/wp\/v2\/users\/1813"}],"replies":[{"embeddable":true,"href":"https:\/\/linitiative.ca\/International\/wp-json\/wp\/v2\/comments?post=112834"}],"version-history":[{"count":0,"href":"https:\/\/linitiative.ca\/International\/wp-json\/wp\/v2\/posts\/112834\/revisions"}],"wp:attachment":[{"href":"https:\/\/linitiative.ca\/International\/wp-json\/wp\/v2\/media?parent=112834"}],"wp:term":[{"taxonomy":"category","embeddable":true,"href":"https:\/\/linitiative.ca\/International\/wp-json\/wp\/v2\/categories?post=112834"},{"taxonomy":"post_tag","embeddable":true,"href":"https:\/\/linitiative.ca\/International\/wp-json\/wp\/v2\/tags?post=112834"}],"curies":[{"name":"wp","href":"https:\/\/api.w.org\/{rel}","templated":true}]}}