{"id":112835,"date":"2021-03-09T03:59:20","date_gmt":"2021-03-09T08:59:20","guid":{"rendered":"https:\/\/linitiative.ca\/International\/stade-du-4-aout-linterdiction-de-jouer-levee\/"},"modified":"2021-03-09T03:59:20","modified_gmt":"2021-03-09T08:59:20","slug":"stade-du-4-aout-linterdiction-de-jouer-levee","status":"publish","type":"post","link":"https:\/\/linitiative.ca\/International\/stade-du-4-aout-linterdiction-de-jouer-levee\/","title":{"rendered":"Stade du 4 Ao\u00fbt\u00a0: l\u2019interdiction de jouer lev\u00e9e"},"content":{"rendered":"<div class=\"td-post-featured-image\"><a href=\"https:\/\/www.sidwaya.info\/wp-content\/uploads\/2021\/03\/stade.jpg\" data-caption=\"\"><img loading=\"lazy\" decoding=\"async\" width=\"495\" height=\"318\" class=\"entry-thumb td-modal-image\" src=\"https:\/\/www.sidwaya.info\/wp-content\/uploads\/2021\/03\/stade.jpg\" srcset=\"https:\/\/www.sidwaya.info\/wp-content\/uploads\/2021\/03\/stade.jpg 495w, https:\/\/www.sidwaya.info\/wp-content\/uploads\/2021\/03\/stade-300x193.jpg 300w, https:\/\/www.sidwaya.info\/wp-content\/uploads\/2021\/03\/stade-150x96.jpg 150w\" sizes=\"auto, (max-width: 495px) 100vw, 495px\" alt=\"\" title=\"stade\"\/><\/a><\/div>\n<p>Selon une publication, sur la page facebook, du pr\u00e9sident de la FBF, Lazare Banss\u00e9, le comit\u00e9 d\u2019urgence de la CAF a lev\u00e9 la mesure d\u2019interdiction de jouer au stade du 4 ao\u00fbt suite \u00e0 une demande conjointe de cl\u00e9mence adress\u00e9e \u00e0 la CAF par la F\u00e9d\u00e9ration Burkinab\u00e8 de Football et la F\u00e9d\u00e9ration s\u0153ur du Niger qui \u00e9tait frapp\u00e9e par la m\u00eame mesure de jouer au stade Seyni Kountche de Niamey. Ainsi les Etalons joueront le match retour contre le Soudan du Sud au stade du 4 ao\u00fbt le 29 mars prochain.<\/p>\n<p>B.S<\/p>\n<div class=\"td-a-rec td-a-rec-id-content_bottom tdi_33_7b4 td_block_template_1\">\n<p><img loading=\"lazy\" decoding=\"async\" class=\"aligncenter size-full wp-image-27454\" src=\"https:\/\/www.sidwaya.info\/wp-content\/uploads\/2020\/10\/PUB-Bandeau-paiement-mobile-siteweb.jpg\" alt=\"\" width=\"728\" height=\"90\"\/><\/div>\n<p>Auteur: BS. Sidwaya<br \/>\n<a href=\"https:\/\/www.sidwaya.info\/blog\/2021\/03\/09\/stade-du-4-aout-linterdiction-de-jouer-levee\/\">Cliquez ici pour lire l&rsquo;article depuis sa source.<\/a><\/p>\n","protected":false},"excerpt":{"rendered":"<p>Selon une publication, sur la page facebook, du pr\u00e9sident de la FBF, Lazare Banss\u00e9, le comit\u00e9 d\u2019urgence de la CAF a lev\u00e9 la mesure d\u2019interdiction de jouer au stade du 4 ao\u00fbt suite \u00e0 une demande conjointe de cl\u00e9mence adress\u00e9e \u00e0 la CAF par la F\u00e9d\u00e9ration Burkinab\u00e8 de Football et la F\u00e9d\u00e9ration s\u0153ur du Niger [&hellip;]<\/p>\n","protected":false},"author":1816,"featured_media":0,"comment_status":"closed","ping_status":"closed","sticky":false,"template":"","format":"standard","meta":{"fifu_image_url":"https:\/\/www.sidwaya.info\/wp-content\/uploads\/2021\/03\/stade.jpg","fifu_image_alt":"Stade du 4 Ao\u00fbt\u00a0: l\u2019interdiction de jouer lev\u00e9e","footnotes":""},"categories":[73,81],"tags":[],"class_list":["post-112835","post","type-post","status-publish","format-standard","hentry","category-actualite","category-burkina-faso"],"_links":{"self":[{"href":"https:\/\/linitiative.ca\/International\/wp-json\/wp\/v2\/posts\/112835","targetHints":{"allow":["GET"]}}],"collection":[{"href":"https:\/\/linitiative.ca\/International\/wp-json\/wp\/v2\/posts"}],"about":[{"href":"https:\/\/linitiative.ca\/International\/wp-json\/wp\/v2\/types\/post"}],"author":[{"embeddable":true,"href":"https:\/\/linitiative.ca\/International\/wp-json\/wp\/v2\/users\/1816"}],"replies":[{"embeddable":true,"href":"https:\/\/linitiative.ca\/International\/wp-json\/wp\/v2\/comments?post=112835"}],"version-history":[{"count":0,"href":"https:\/\/linitiative.ca\/International\/wp-json\/wp\/v2\/posts\/112835\/revisions"}],"wp:attachment":[{"href":"https:\/\/linitiative.ca\/International\/wp-json\/wp\/v2\/media?parent=112835"}],"wp:term":[{"taxonomy":"category","embeddable":true,"href":"https:\/\/linitiative.ca\/International\/wp-json\/wp\/v2\/categories?post=112835"},{"taxonomy":"post_tag","embeddable":true,"href":"https:\/\/linitiative.ca\/International\/wp-json\/wp\/v2\/tags?post=112835"}],"curies":[{"name":"wp","href":"https:\/\/api.w.org\/{rel}","templated":true}]}}