{"id":112836,"date":"2021-03-09T04:18:51","date_gmt":"2021-03-09T09:18:51","guid":{"rendered":"https:\/\/linitiative.ca\/International\/le-president-mahamadou-issoufou-laureat-2020-du-prix-ibrahim-pour-un-leadership-dexcellence-en-afrique\/"},"modified":"2021-03-09T04:18:51","modified_gmt":"2021-03-09T09:18:51","slug":"le-president-mahamadou-issoufou-laureat-2020-du-prix-ibrahim-pour-un-leadership-dexcellence-en-afrique","status":"publish","type":"post","link":"https:\/\/linitiative.ca\/International\/le-president-mahamadou-issoufou-laureat-2020-du-prix-ibrahim-pour-un-leadership-dexcellence-en-afrique\/","title":{"rendered":"Le pr\u00e9sident Mahamadou Issoufou laur\u00e9at 2020 du Prix Ibrahim\u00a0 pour un leadership d\u2019excellence en Afrique"},"content":{"rendered":"<p class=\"yiv9249356796size-15\"><span class=\"yiv9249356796font-lato\"><em>Le pr\u00e9sident du Niger a fait preuve d\u2019un leadership exceptionnel et de respect pour la d\u00e9mocratie face \u00e0 un cumul de d\u00e9fis sans pr\u00e9c\u00e9dent\u00a0\u00a0<\/em><\/span><\/p>\n<p><span class=\"yiv9249356796font-lato\"><strong>Londres et Dakar, le 8\u00a0mars\u00a02021<\/strong>\u00a0\u2013 Le Prix Ibrahim\u00a02020 pour un leadership d\u2019excellence en Afrique a \u00e9t\u00e9 d\u00e9cern\u00e9 au pr\u00e9sident du Niger, Mahamadou Issoufou. La Fondation Mo Ibrahim a annonc\u00e9 l\u2019attribution du prix aujourd\u2019hui, \u00e0 l\u2019issue d\u2019une r\u00e9union de son Comit\u00e9 du Prix ind\u00e9pendant.<\/span><\/p>\n<p><span class=\"yiv9249356796font-lato\">Le pr\u00e9sident\u00a0Issoufou a effectu\u00e9 deux quinquennats pr\u00e9sidentiels, de\u00a02011 \u00e0\u00a02020. Il est le sixi\u00e8me laur\u00e9at du Prix Ibrahim, qui r\u00e9compense et met \u00e0 l\u2019honneur le leadership africain d\u2019excellence. Le Prix Ibrahim vise \u00e0 distinguer les dirigeants exceptionnels qui, au cours de leur mandat, ont d\u00e9velopp\u00e9 leur pays et renforc\u00e9 la d\u00e9mocratie et l\u2019\u00e9tat de droit pour le b\u00e9n\u00e9fice de l\u2019ensemble de leurs concitoyens.<\/span><\/p>\n<p><span class=\"yiv9249356796font-lato\">Dans sa citation, le Comit\u00e9 du Prix souligne le leadership exceptionnel du pr\u00e9sident Issoufou, \u00e0 la t\u00eate d\u2019un des pays les plus pauvres au monde, confront\u00e9 \u00e0 un cumul de d\u00e9fis apparemment insurmontables. Tout au long de son mandat, il a confort\u00e9 la croissance \u00e9conomique au b\u00e9n\u00e9fice de ses concitoyens, fait preuve d\u2019un engagement ind\u00e9fectible en faveur de la stabilit\u00e9 r\u00e9gionale et d\u00e9fendu sans rel\u00e2che le respect de la r\u00e8gle constitutionnelle et d\u00e9mocratique.<\/span><\/p>\n<p><span class=\"yiv9249356796font-lato\">Lors de l\u2019annonce de la d\u00e9cision, le pr\u00e9sident Festus\u00a0Mogae, pr\u00e9sident du Comit\u00e9 du Prix et ancien pr\u00e9sident du Botswana, a d\u00e9clar\u00e9\u00a0: \u00ab\u00a0Face aux probl\u00e8mes politiques et \u00e9conomiques les plus graves, notamment un extr\u00e9misme violent et une d\u00e9sertification croissante, le pr\u00e9sident Issoufou a su conduire ses concitoyens sur la voie du progr\u00e8s. Aujourd\u2019hui, le nombre de Nig\u00e9riens vivant sous le seuil de pauvret\u00e9 est tomb\u00e9 \u00e0 40\u00a0%, contre 48\u00a0% il y a dix ans. Bien \u00e9videmment les d\u00e9fis demeurent cons\u00e9quents, mais le pr\u00e9sident\u00a0Issoufou a tenu ses engagements aupr\u00e8s du peuple nig\u00e9rien et leur a ouvert la voie d\u2019un avenir meilleur. Apr\u00e8s m\u00fbre r\u00e9flexion, le Comit\u00e9 a consid\u00e9r\u00e9 que le pr\u00e9sident\u00a0Issoufou est le digne laur\u00e9at 2020 du Prix Ibrahim.\u00a0\u00bb<\/span><\/p>\n<p><span class=\"yiv9249356796font-lato\">Mahamadou\u00a0Issoufou a \u00e9t\u00e9 \u00e9lu pr\u00e9sident par la voie d\u00e9mocratique pour la premi\u00e8re fois en\u00a02011, apr\u00e8s de nombreuses ann\u00e9es de r\u00e9gime militaire au Niger. Il a \u00e9t\u00e9 \u00e9lu pour un second mandat en\u00a02016 et quitte ses fonctions \u00e0 l\u2019\u00e9ch\u00e9ance pr\u00e9vue, dans le respect absolu de la r\u00e8gle constitutionnelle.<\/span><\/p>\n<p><span class=\"yiv9249356796font-lato\">Les donn\u00e9es de\u00a0<em>l\u2019Indice Ibrahim de la gouvernance en Afrique\u00a0<\/em>(IIAG) soulignent les r\u00e9ussites du pr\u00e9sident Issoufou. Au cours de ses dix ann\u00e9es de pr\u00e9sidence, le Niger a progress\u00e9 dans de nombreux domaines, notamment dans chacune des quatre dimensions de la cat\u00e9gorie\u00a0<em>D\u00e9veloppement humain<\/em>\u2013 Sant\u00e9, Education, Protection sociale, Environnement. Le Niger figure parmi les dix pays africains qui ont r\u00e9alis\u00e9 les plus fortes progressions dans le renforcement des opportunit\u00e9s socio-\u00e9conomiques pour les femmes au cours de la d\u00e9cennie \u00e9coul\u00e9e.<\/span><\/p>\n<p><span class=\"yiv9249356796font-lato\">Prenant connaissance des r\u00e9sultats des d\u00e9lib\u00e9rations du Comit\u00e9 du Prix, Mo Ibrahim, pr\u00e9sident de la Fondation Mo Ibrahim, a d\u00e9clar\u00e9\u00a0: \u00ab\u00a0Je suis tr\u00e8s heureux du choix du Comit\u00e9 du Prix. Le pr\u00e9sident Issoufou est un dirigeant exceptionnel, qui a \u0153uvr\u00e9 sans rel\u00e2che pour son peuple, pour son pays et pour sa r\u00e9gion, en relevant des d\u00e9fis apparemment incommensurables avec courage et d\u00e9termination. Je suis fier que le pr\u00e9sident\u00a0Issoufou soit reconnu comme un exemple de leadership d\u2019excellence et j\u2019esp\u00e8re que son parcours inspirera de nombreuses g\u00e9n\u00e9rations de leaders africains.\u00a0\u00bb<\/span><\/p>\n<p><span class=\"yiv9249356796font-lato\">Le pr\u00e9sident Mahamadou\u00a0Issoufou rejoint la lign\u00e9e de laur\u00e9ats du Prix Ibrahim qui comprend la pr\u00e9sidente Ellen\u00a0Johnson\u00a0Sirleaf du Lib\u00e9ria (2017), le pr\u00e9sident Hifikepunye\u00a0Pohamba de Namibie (2014), le pr\u00e9sident Pedro\u00a0Pires du Cabo Verde (2011), le pr\u00e9sident Festus\u00a0Mogae du Botswana (2008) et le pr\u00e9sident Joaquim\u00a0Chissano du Mozambique (2007). Le pr\u00e9sident Nelson\u00a0Mandela a \u00e9t\u00e9 nomm\u00e9 le premier laur\u00e9at honoraire en\u00a02007.<\/span><\/p>\n<p><span class=\"yiv9249356796font-lato\">Le Prix Ibrahim est une r\u00e9compense d\u2019une valeur de 5\u00a0millions de dollars US vers\u00e9e sur dix ans. Il permet au continent africain de continuer \u00e0 b\u00e9n\u00e9ficier de l\u2019exp\u00e9rience et de la sagesse de ses dirigeants d\u2019exception en donnant \u00e0 ces derniers l\u2019occasion de poursuivre une action citoyenne sur le continent une fois leur mandat national achev\u00e9.<\/span><\/p>\n<p><span class=\"yiv9249356796font-lato\">Chaque ann\u00e9e, le comit\u00e9 d\u2019attribution du Prix Ibrahim consid\u00e8re les chefs d\u2019\u00c9tat ou de gouvernement d\u2019un pays africain, qui, \u00e9lus par la voie d\u00e9mocratique, ont quitt\u00e9 leurs fonctions au cours des trois derni\u00e8res ann\u00e9es, apr\u00e8s avoir exerc\u00e9 leur mandat conform\u00e9ment \u00e0 la r\u00e8gle fix\u00e9e par la Constitution de leur pays.<\/span><\/p>\n<p><span class=\"yiv9249356796font-lato\">Retrouvez la citation compl\u00e8te du Comit\u00e9 du Prix ici:\u00a0<a href=\"https:\/\/mif.cmail19.com\/t\/i-l-mddhhly-juihediyk-r\/\" target=\"_blank\" rel=\"nofollow noopener noreferrer\">http:\/\/mif.media\/2020-citation-fr<\/a><\/span><\/p>\n<p><span class=\"yiv9249356796font-lato\"><strong>Notes aux\u00a0\u00e9diteurs<\/strong><\/span><\/p>\n<p><span class=\"yiv9249356796font-lato\">Contacter la Fondation Mo\u00a0Ibrahim\u00a0:<\/span><\/p>\n<p><span class=\"yiv9249356796font-lato\">Pour plus d\u2019informations ou pour demander un entretien avec un porte-parole de la Fondation Mo\u00a0Ibrahim, veuillez contacter\u00a0:<\/span><\/p>\n<p>Le Prix Ibrahim\u00a0:<\/p>\n<ul>\n<li>identifie et met \u00e0 l\u2019honneur les dirigeants africains qui, souvent confront\u00e9s \u00e0 des d\u00e9fis complexes et cons\u00e9quents, ont d\u00e9velopp\u00e9 leur pays, sorti leurs concitoyens de la pauvret\u00e9, confort\u00e9 la d\u00e9mocratie et l\u2019\u00e9tat de droit et construit les bases d\u2019un avenir \u00e9quitable et durable\u00a0;<\/li>\n<li>met en \u00e9vidence des mod\u00e8les d\u2019exception pour le continent\u00a0;<\/li>\n<li>permet au continent africain de continuer \u00e0 b\u00e9n\u00e9ficier de l\u2019exp\u00e9rience et de la sagesse de ses dirigeants d\u2019exception en donnant \u00e0 ces derniers l\u2019occasion de poursuivre leur action citoyenne sur le continent une fois leur mandat national achev\u00e9\u00a0;<\/li>\n<li>est un \u00ab\u00a0prix d\u2019excellence\u00a0\u00bb, et non un \u00ab\u00a0premier prix\u00a0\u00bb (il n\u2019y a pas n\u00e9cessairement de laur\u00e9at tous les ans).<\/li>\n<\/ul>\n<p>Crit\u00e8res\u00a0:<\/p>\n<ul>\n<li>ancien chef d\u2019\u00c9tat ou de gouvernement africain\u00a0;<\/li>\n<li>ayant quitt\u00e9 ses fonctions au cours des trois derni\u00e8res ann\u00e9es\u00a0;<\/li>\n<li>ayant \u00e9t\u00e9 \u00e9lu d\u00e9mocratiquement\u00a0;<\/li>\n<li>ayant respect\u00e9 la dur\u00e9e de son mandat pr\u00e9vue par la Constitution de son pays\u00a0;<\/li>\n<li>ayant fait preuve d\u2019un leadership exceptionnel.<\/li>\n<\/ul>\n<p>Le montant du Prix Ibrahim est le plus \u00e9lev\u00e9 \u00e0 l\u2019\u00e9chelle mondiale\u00a0:<\/p>\n<ul>\n<li>5\u00a0millions de dollars\u00a0US sur dix ans.<\/li>\n<\/ul>\n<p>Comit\u00e9 du Prix\u00a0:<\/p>\n<ul>\n<li>Le laur\u00e9at est choisi par un Comit\u00e9 ind\u00e9pendant, nomm\u00e9 par le Conseil d\u2019administration de la Fondation Mo Ibrahim et compos\u00e9 des membres suivants\u00a0:<\/li>\n<li>Pr\u00e9sident Festus\u00a0Mogae (pr\u00e9sident) | Ancien pr\u00e9sident du Botswana\u00a0; laur\u00e9at du Prix Ibrahim\u00a02008<\/li>\n<li>A\u00efcha\u00a0Bah\u00a0Diallo | Pr\u00e9sidente du r\u00e9seau \u00c9ducation Pour Tous en Afrique\u00a0; ancienne ministre de l\u2019\u00c9ducation en Guin\u00e9e ; ancienne sous-directrice g\u00e9n\u00e9rale pour l\u2019\u00e9ducation (ADG\/ED) de l\u2019UNESCO\u00a0; fondatrice et pr\u00e9sidente de l\u2019organisation Business for the Empowerment of Women<\/li>\n<li>Mohamed\u00a0ElBaradei | Directeur g\u00e9n\u00e9ral \u00e9m\u00e9rite de l\u2019Agence internationale de l\u2019\u00e9nergie atomique (AIEA)\u00a0; Prix Nobel de la paix<\/li>\n<li>Pr\u00e9sident Horst\u00a0K\u00f6hler | l\u00a0; Ancien pr\u00e9sident allemand 2004-2010<\/li>\n<li>Gra\u00e7a\u00a0Machel | Pr\u00e9sidente de la Fondation pour le d\u00e9veloppement communautaire\u00a0; ancienne ministre de l\u2019\u00c9ducation du Mozambique\u00a0; membre du conseil d\u2019administration de la Fondation Mo Ibrahim<\/li>\n<li>Mary\u00a0Robinson | Pr\u00e9sidente de The Elders et Professeure affili\u00e9e pour la justice climatique au Trinity Coll\u00e8ge Dublin; ancienne envoy\u00e9e sp\u00e9ciale des Nations Unies pour la r\u00e9gion des Grands Lacs en Afrique\u00a0; ancienne envoy\u00e9e sp\u00e9ciale des Nations Unies pour le changement climatique\u00a0; ancienne Haut-Commissaire aux Droits de l\u2019Homme ; ancienne pr\u00e9sidente de l\u2019Irlande\u00a0; membre du conseil d\u2019administration de la Fondation Mo Ibrahim<\/li>\n<\/ul>\n<p>Retrouvez la Fondation Mo\u00a0Ibrahim sur les r\u00e9seaux sociaux\u00a0:<\/p>\n<p>\u00c0 propos de la Fondation Mo\u00a0Ibrahim\u00a0:<\/p>\n<p>Fond\u00e9e en\u00a02006, la Fondation Mo\u00a0Ibrahim concentre ses activit\u00e9s sur le r\u00f4le essentiel du leadership politique et de la gouvernance publique en Afrique. En proposant des outils visant \u00e0 am\u00e9liorer le leadership et la gouvernance, la Fondation a pour objectif de susciter un changement positif sur le continent.<\/p>\n<p>La Fondation, qui n\u2019est pas un organisme de financement de projets, concentre ses efforts sur la d\u00e9finition, l\u2019\u00e9valuation et l\u2019am\u00e9lioration de la gouvernance et du leadership en Afrique, au moyen des cinq initiatives suivantes :<\/p>\n<ul>\n<li>L\u2019Indice Ibrahim de la gouvernance en Afrique<\/li>\n<li>Le Prix Ibrahim pour un leadership d\u2019excellence en Afrique<\/li>\n<li>L\u2019Ibrahim Governance Week-end<\/li>\n<li>Les bourses et subventions Ibrahim<\/li>\n<li>Le R\u00e9seau Now Generation<\/li>\n<\/ul>\n<p>Auteur: BS. Sidwaya<br \/>\n<a href=\"https:\/\/www.sidwaya.info\/blog\/2021\/03\/09\/le-president-mahamadou-issoufou-laureat-2020-du-prix-ibrahim-pour-un-leadership-dexcellence-en-afrique\/\">Cliquez ici pour lire l&rsquo;article depuis sa source.<\/a><\/p>\n","protected":false},"excerpt":{"rendered":"<p>Le pr\u00e9sident du Niger a fait preuve d\u2019un leadership exceptionnel et de respect pour la d\u00e9mocratie face \u00e0 un cumul de d\u00e9fis sans pr\u00e9c\u00e9dent\u00a0\u00a0 Londres et Dakar, le 8\u00a0mars\u00a02021\u00a0\u2013 Le Prix Ibrahim\u00a02020 pour un leadership d\u2019excellence en Afrique a \u00e9t\u00e9 d\u00e9cern\u00e9 au pr\u00e9sident du Niger, Mahamadou Issoufou. La Fondation Mo Ibrahim a annonc\u00e9 l\u2019attribution du [&hellip;]<\/p>\n","protected":false},"author":1816,"featured_media":0,"comment_status":"closed","ping_status":"closed","sticky":false,"template":"","format":"standard","meta":{"fifu_image_url":"","fifu_image_alt":"","footnotes":""},"categories":[73,81],"tags":[],"class_list":["post-112836","post","type-post","status-publish","format-standard","hentry","category-actualite","category-burkina-faso"],"_links":{"self":[{"href":"https:\/\/linitiative.ca\/International\/wp-json\/wp\/v2\/posts\/112836","targetHints":{"allow":["GET"]}}],"collection":[{"href":"https:\/\/linitiative.ca\/International\/wp-json\/wp\/v2\/posts"}],"about":[{"href":"https:\/\/linitiative.ca\/International\/wp-json\/wp\/v2\/types\/post"}],"author":[{"embeddable":true,"href":"https:\/\/linitiative.ca\/International\/wp-json\/wp\/v2\/users\/1816"}],"replies":[{"embeddable":true,"href":"https:\/\/linitiative.ca\/International\/wp-json\/wp\/v2\/comments?post=112836"}],"version-history":[{"count":0,"href":"https:\/\/linitiative.ca\/International\/wp-json\/wp\/v2\/posts\/112836\/revisions"}],"wp:attachment":[{"href":"https:\/\/linitiative.ca\/International\/wp-json\/wp\/v2\/media?parent=112836"}],"wp:term":[{"taxonomy":"category","embeddable":true,"href":"https:\/\/linitiative.ca\/International\/wp-json\/wp\/v2\/categories?post=112836"},{"taxonomy":"post_tag","embeddable":true,"href":"https:\/\/linitiative.ca\/International\/wp-json\/wp\/v2\/tags?post=112836"}],"curies":[{"name":"wp","href":"https:\/\/api.w.org\/{rel}","templated":true}]}}