{"id":112837,"date":"2021-03-09T06:58:57","date_gmt":"2021-03-09T11:58:57","guid":{"rendered":"https:\/\/linitiative.ca\/International\/stade-du-4-aout-des-procedures-de-rehabilitation-en-cours-ministre-des-sports\/"},"modified":"2021-03-09T06:58:57","modified_gmt":"2021-03-09T11:58:57","slug":"stade-du-4-aout-des-procedures-de-rehabilitation-en-cours-ministre-des-sports","status":"publish","type":"post","link":"https:\/\/linitiative.ca\/International\/stade-du-4-aout-des-procedures-de-rehabilitation-en-cours-ministre-des-sports\/","title":{"rendered":"Stade du 4 Ao\u00fbt\u00a0: Des proc\u00e9dures de r\u00e9habilitation en cours (ministre des sports)"},"content":{"rendered":"<div class=\"td-post-featured-image\"><a href=\"https:\/\/www.sidwaya.info\/wp-content\/uploads\/2021\/03\/ministre-s.jpg\" data-caption=\"\"><img loading=\"lazy\" decoding=\"async\" width=\"696\" height=\"522\" class=\"entry-thumb td-modal-image\" src=\"https:\/\/www.sidwaya.info\/wp-content\/uploads\/2021\/03\/ministre-s-696x522.jpg\" srcset=\"https:\/\/www.sidwaya.info\/wp-content\/uploads\/2021\/03\/ministre-s-696x522.jpg 696w, https:\/\/www.sidwaya.info\/wp-content\/uploads\/2021\/03\/ministre-s-300x225.jpg 300w, https:\/\/www.sidwaya.info\/wp-content\/uploads\/2021\/03\/ministre-s-768x576.jpg 768w, https:\/\/www.sidwaya.info\/wp-content\/uploads\/2021\/03\/ministre-s-150x113.jpg 150w, https:\/\/www.sidwaya.info\/wp-content\/uploads\/2021\/03\/ministre-s-560x420.jpg 560w, https:\/\/www.sidwaya.info\/wp-content\/uploads\/2021\/03\/ministre-s-80x60.jpg 80w, https:\/\/www.sidwaya.info\/wp-content\/uploads\/2021\/03\/ministre-s-265x198.jpg 265w, https:\/\/www.sidwaya.info\/wp-content\/uploads\/2021\/03\/ministre-s.jpg 1000w\" sizes=\"auto, (max-width: 696px) 100vw, 696px\" alt=\"\" title=\"ministre s\"\/><\/a><\/div>\n<p><strong>Le ministre des Sports et des Loisirs, Dominique Marie Andr\u00e9 Nana a anim\u00e9 une conf\u00e9rence de presse ce mardi 9 mars 2021 sur la normalisation du stade de 4 Ao\u00fbt. Cela fait suite \u00e0 la lev\u00e9e de la mesure d\u2019interdiction de jouer au stade du 4 ao\u00fbt par le comit\u00e9 d\u2019urgence de la CAF.<\/strong><\/p>\n<p><strong>\u00a0<\/strong>Le Ministre en charges des sports, Dominique Nana a rencontr\u00e9 les Hommes de m\u00e9dias pour \u00e9changer sur la normalisation du stade du 4 Ao\u00fbt. Au cours de la rencontre, il a affirm\u00e9 que c\u2019est dans la nuit du lundi que l\u2019information sur la lev\u00e9e de la suspension du Stade du 4 Ao\u00fbt s\u2019est propag\u00e9e sur les r\u00e9seaux sociaux. <em>\u00ab\u00a0Si cette lev\u00e9e de la suspension, jusqu\u2019en juin 2021 r\u00e9jouit plus d\u2019un, il n\u2019en demeure pas moins que la normalisation du stade du 4 Ao\u00fbt est toujours d\u2019actualit\u00e9 \u00bb,<\/em> a \u2013t- il indiqu\u00e9.<\/p>\n<p>Aussi, le ministre Nana est revenu sur les exigences qui ont valu \u00e0 la suspension du stade du 4 Ao\u00fbt par la CAF. Il s\u2019agit entre autres de la qualit\u00e9 du terrain, la propret\u00e9 des vestiaires, de la qualit\u00e9 des installations sanitaires pour les spectateurs et des installations m\u00e9dia, la qualit\u00e9 de la pelouse, l\u2019exigence d\u2019installer les trois tableaux d\u2019affichages.<\/p>\n<p><img decoding=\"async\" loading=\"lazy\" class=\"wp-image-33156\" src=\"https:\/\/www.sidwaya.info\/wp-content\/uploads\/2021\/03\/imago0008676967w-300x200.jpg\" alt=\"\" width=\"478\" height=\"318\" srcset=\"https:\/\/www.sidwaya.info\/wp-content\/uploads\/2021\/03\/imago0008676967w-300x200.jpg 300w, https:\/\/www.sidwaya.info\/wp-content\/uploads\/2021\/03\/imago0008676967w-768x512.jpg 768w, https:\/\/www.sidwaya.info\/wp-content\/uploads\/2021\/03\/imago0008676967w-150x100.jpg 150w, https:\/\/www.sidwaya.info\/wp-content\/uploads\/2021\/03\/imago0008676967w-696x464.jpg 696w, https:\/\/www.sidwaya.info\/wp-content\/uploads\/2021\/03\/imago0008676967w-630x420.jpg 630w, https:\/\/www.sidwaya.info\/wp-content\/uploads\/2021\/03\/imago0008676967w.jpg 1000w\" sizes=\"auto, (max-width: 478px) 100vw, 478px\"\/><\/p>\n<p>Il a laiss\u00e9 entendre qu\u2019une requ\u00eate a \u00e9t\u00e9 soumise au minist\u00e8re des finances en vue de combler le besoin de financement. Cependant, Il a ajout\u00e9 qu\u2019il ne faut pas occulter les r\u00e9alit\u00e9s du pays, d\u00e9j\u00e0 confront\u00e9 au double d\u00e9fi s\u00e9curitaire et sanitaire. \u00a0<em>\u00ab\u00a0Mais qu\u2019\u00e0 cela ne tienne, je puis d\u2019ores et d\u00e9j\u00e0 vous dire que les diff\u00e9rents services techniques s\u2019activent pour permettre le d\u00e9marrage des travaux une fois que les d\u00e9caissements seront effectif \u00bb,<\/em> a soulign\u00e9 le ministre des sports<em>,<\/em> Dominique NANA ministre.<\/p>\n<p>Il a poursuivi en rassurant l\u2019opinion que depuis les premi\u00e8res correspondances de la CAF, des actions ont \u00e9t\u00e9 entreprises par le gouvernement en vue de la r\u00e9habilitation du stade du 4 Ao\u00fbt. En effet, il a r\u00e9v\u00e9l\u00e9 que le d\u00e9partement des Sports et des Loisirs a sollicit\u00e9 en mai 2020, l\u2019autorisation du Minist\u00e8re en charge des finances pour recourir \u00e0 la proc\u00e9dure d\u2019entente directe relative aux \u00e9tudes techniques et architecturales pour la r\u00e9habilitation et la mise aux normes du stade du 4 Ao\u00fbt.<\/p>\n<p><strong>\u00a0 \u00a0 \u00a0 \u00a0 \u00a0 \u00a0 \u00a0 \u00a0 \u00a0 \u00a0 \u00a0 \u00a0 \u00a0 \u00a0 \u00a0 \u00a0 \u00a0 \u00a0 \u00a0 \u00a0 \u00a0 \u00a0 \u00a0 \u00a0 \u00a0 \u00a0 \u00a0 \u00a0 \u00a0 \u00a0 \u00a0 \u00a0 \u00a0 \u00a0 \u00a0 \u00a0 \u00a0 \u00a0 \u00a0 \u00a0 \u00a0 \u00a0 \u00a0 \u00a0 \u00a0 \u00a0 \u00a0 \u00a0 \u00a0 \u00a0 \u00a0 \u00a0 La R\u00e9daction<\/strong><\/p>\n<p><strong>\u00a0<\/strong><\/p>\n<p><strong>\u00a0<\/strong><\/p>\n<p><strong>\u00a0<\/strong><\/p>\n<p><strong>\u00a0 \u00a0 \u00a0 \u00a0 \u00a0 \u00a0 \u00a0 \u00a0 \u00a0 \u00a0 \u00a0 \u00a0 \u00a0 \u00a0 \u00a0 \u00a0 \u00a0 \u00a0 \u00a0 \u00a0 \u00a0 \u00a0 \u00a0 \u00a0 \u00a0 \u00a0 \u00a0 \u00a0 \u00a0 \u00a0 \u00a0 \u00a0 \u00a0 \u00a0 \u00a0 \u00a0 \u00a0 \u00a0 \u00a0 \u00a0 \u00a0 \u00a0 \u00a0 \u00a0<\/strong><\/p>\n<p><strong>\u00a0<\/strong><\/p>\n<div class=\"td-a-rec td-a-rec-id-content_bottom tdi_33_ed4 td_block_template_1\">\n<p><img loading=\"lazy\" decoding=\"async\" class=\"aligncenter size-full wp-image-27454\" src=\"https:\/\/www.sidwaya.info\/wp-content\/uploads\/2020\/10\/PUB-Bandeau-paiement-mobile-siteweb.jpg\" alt=\"\" width=\"728\" height=\"90\"\/><\/div>\n<p>Auteur: Wamini SIDWAYA<br \/>\n<a href=\"https:\/\/www.sidwaya.info\/blog\/2021\/03\/09\/stade-du-4-aout-des-procedures-de-rehabilitation-en-cours-ministre-des-sports\/\">Cliquez ici pour lire l&rsquo;article depuis sa source.<\/a><\/p>\n","protected":false},"excerpt":{"rendered":"<p>Le ministre des Sports et des Loisirs, Dominique Marie Andr\u00e9 Nana a anim\u00e9 une conf\u00e9rence de presse ce mardi 9 mars 2021 sur la normalisation du stade de 4 Ao\u00fbt. Cela fait suite \u00e0 la lev\u00e9e de la mesure d\u2019interdiction de jouer au stade du 4 ao\u00fbt par le comit\u00e9 d\u2019urgence de la CAF. \u00a0Le [&hellip;]<\/p>\n","protected":false},"author":1816,"featured_media":0,"comment_status":"closed","ping_status":"closed","sticky":false,"template":"","format":"standard","meta":{"fifu_image_url":"https:\/\/www.sidwaya.info\/wp-content\/uploads\/2021\/03\/ministre-s-696x522.jpg","fifu_image_alt":"Stade du 4 Ao\u00fbt\u00a0: Des proc\u00e9dures de r\u00e9habilitation en cours (ministre des sports)","footnotes":""},"categories":[73,81],"tags":[],"class_list":["post-112837","post","type-post","status-publish","format-standard","hentry","category-actualite","category-burkina-faso"],"_links":{"self":[{"href":"https:\/\/linitiative.ca\/International\/wp-json\/wp\/v2\/posts\/112837","targetHints":{"allow":["GET"]}}],"collection":[{"href":"https:\/\/linitiative.ca\/International\/wp-json\/wp\/v2\/posts"}],"about":[{"href":"https:\/\/linitiative.ca\/International\/wp-json\/wp\/v2\/types\/post"}],"author":[{"embeddable":true,"href":"https:\/\/linitiative.ca\/International\/wp-json\/wp\/v2\/users\/1816"}],"replies":[{"embeddable":true,"href":"https:\/\/linitiative.ca\/International\/wp-json\/wp\/v2\/comments?post=112837"}],"version-history":[{"count":0,"href":"https:\/\/linitiative.ca\/International\/wp-json\/wp\/v2\/posts\/112837\/revisions"}],"wp:attachment":[{"href":"https:\/\/linitiative.ca\/International\/wp-json\/wp\/v2\/media?parent=112837"}],"wp:term":[{"taxonomy":"category","embeddable":true,"href":"https:\/\/linitiative.ca\/International\/wp-json\/wp\/v2\/categories?post=112837"},{"taxonomy":"post_tag","embeddable":true,"href":"https:\/\/linitiative.ca\/International\/wp-json\/wp\/v2\/tags?post=112837"}],"curies":[{"name":"wp","href":"https:\/\/api.w.org\/{rel}","templated":true}]}}