{"id":112839,"date":"2021-03-09T11:18:05","date_gmt":"2021-03-09T16:18:05","guid":{"rendered":"https:\/\/linitiative.ca\/International\/presidence-caf-ahmad-ahmad-hors-course\/"},"modified":"2021-03-09T11:18:05","modified_gmt":"2021-03-09T16:18:05","slug":"presidence-caf-ahmad-ahmad-hors-course","status":"publish","type":"post","link":"https:\/\/linitiative.ca\/International\/presidence-caf-ahmad-ahmad-hors-course\/","title":{"rendered":"Pr\u00e9sidence Caf : Ahmad Ahmad hors course"},"content":{"rendered":"<div readability=\"32\">\n<p>Publi\u00e9 le 09.03.2021 \u00e0 17h18 par APA News<\/p>\n<\/div>\n<div readability=\"108\">\n<p>Le Tribunal arbitral du sport (Tas) a certes r\u00e9duit la dur\u00e9e de la suspension du Malgache mais il ne pourra pas briguer un second mandat \u00e0 la t\u00eate de la Conf\u00e9d\u00e9ration africaine de football (Caf).Ahmad Ahmad n\u2019est pas sorti de l\u2019auberge. C\u2019est une douche froide pour le successeur d\u2019Issa Hayatou qui esp\u00e9rait avoir gain de cause apr\u00e8s son appel aupr\u00e8s du Tribunal arbitral du sport (Tas).<\/p>\n<p>En effet, le dirigeant sportif avait \u00e9t\u00e9 suspendu pour cinq ans par la Commission d\u2019\u00e9thique de la F\u00e9d\u00e9ration internationale de football association (Fifa). L\u2019institution ind\u00e9pendante bas\u00e9e \u00e0 Lausanne (Suisse) a eu la main moins lourde m\u00eame si elle a pratiquement maintenu toutes les charges.<\/p>\n<p>\u00ab La Formation arbitrale du Tas a partiellement admis l\u2019appel et a r\u00e9duit la dur\u00e9e de la suspension impos\u00e9e \u00e0 M. Ahmad \u00e0 2 ans, \u00e0 compter de ce jour, moins la p\u00e9riode de suspension d\u00e9j\u00e0 subie entre le 19 novembre 2020 et le 29 janvier 2021, a \u00e9galement r\u00e9duit l\u2019amende, fix\u00e9e d\u00e9sormais \u00e0 50.000 francs suisses \u00bb, soit pr\u00e8s de 30 millions F CFA, selon le communiqu\u00e9 parvenu \u00e0 APA.<\/p>\n<p>La Formation, compos\u00e9e du Fran\u00e7ais Thomas Clay et de l\u2019Italien Massimo Coccia, a d\u2019abord auditionn\u00e9 le mis en cause par vid\u00e9oconf\u00e9rence les 2 et 3 mars 2021, avant de le reconna\u00eetre \u00ab coupable de violation \u00bb du Code d\u2019\u00e9thique de la Fifa.<\/p>\n<p>Deux infractions ont \u00e9t\u00e9 retenues, dont la non comptabilisation de diverses transactions financi\u00e8res, l\u2019acceptation de paiement en liquide, les virements bancaires de bonus et indemnit\u00e9s sans base contractuelle ou r\u00e8glementaire. Il s\u2019agit l\u00e0 d\u2019une violation des articles 20 et 28 du Code d\u2019\u00e9thique d\u2019apr\u00e8s le jury.<\/p>\n<p>Ensuite, Ahmad a \u00e9t\u00e9 \u00e9pingl\u00e9 pour distribution de cadeaux et d\u00e9tournement de fonds (utilisation de l\u2019argent de la Caf pour contribuer au financement d\u2019une invitation \u00e0 un p\u00e8lerinage \u00e0 la Mecque (Umra) en faveur de certains pr\u00e9sidents de f\u00e9d\u00e9rations nationales, invitation sans rapport direct avec le football. Ces faits constituent une violation des articles 20, 25 et 28 du Code d\u2019\u00e9thique.<\/p>\n<p>En revanche, le Tas a lib\u00e9r\u00e9 M. Ahmad de toute infraction li\u00e9e aux contrats \u00ab Tactical Steel \u00bb. Il consid\u00e8re que les pi\u00e8ces au dossier ne permettent pas de conclure que l\u2019ancien ministre malgache des Sports ait tir\u00e9 un quelconque avantage personnel notamment dans le cadre de la transaction avec Tactical Steel pour l\u2019\u00e9quipement du Championnat d\u2019Afrique des nations 2018.<\/p>\n<p>La Formation arbitrale en conclut qu\u2019il n\u2019y a pas d\u2019abus de pouvoir et de violation du devoir de loyaut\u00e9 contenus dans les articles 15, 25 et 28.<\/p>\n<p>Dans la d\u00e9cision rendue le 19 novembre 2020, la Chambre de jugement de la Commission d\u2019\u00e9thique de la Fifa avait constat\u00e9 que le pr\u00e9sident de la Caf d\u00e9chu avait commis plusieurs infractions au Code d\u2019\u00e9thique de la Fifa.<\/p>\n<p>Une interdiction de participer \u00e0 toute activit\u00e9 li\u00e9e au football sur le plan national et international pour une dur\u00e9e de cinq ans ainsi qu\u2019une amende de plus de 118 millions F CFA (200.000 francs suisses) lui avaient \u00e9t\u00e9 inflig\u00e9es. Dans son appel au Tas, M. Ahmad a demand\u00e9 l\u2019annulation de la d\u00e9cision attaqu\u00e9e.<\/p>\n<p>Malgr\u00e9 la r\u00e9duction de sa suspension, l\u2019ex-ministre malgache de la P\u00eache est d\u00e9finitivement \u00e9limin\u00e9 de la course \u00e0 la pr\u00e9sidence de la Caf dont l\u2019\u00e9lection est pr\u00e9vue le 12 mars prochain \u00e0 Rabat (Maroc).<\/p>\n<p>De ce fait, la voie est balis\u00e9e pour le milliardaire sud-africain Patrice Motsepe, derri\u00e8re lequel se sont rang\u00e9s les trois autres candidats. A savoir le S\u00e9n\u00e9galais Augustin Senghor, le Mauritanien Ahmed Yahya et l\u2019Ivoirien Jacques Anouma.<\/p>\n<\/div>\n<p>Auteur: APA News<br \/>\n<a href=\"https:\/\/www.journalducameroun.com\/presidence-caf-ahmad-ahmad-hors-course\/\">Cliquez ici pour lire l&rsquo;article depuis sa source.<\/a><\/p>\n","protected":false},"excerpt":{"rendered":"<p>Publi\u00e9 le 09.03.2021 \u00e0 17h18 par APA News Le Tribunal arbitral du sport (Tas) a certes r\u00e9duit la dur\u00e9e de la suspension du Malgache mais il ne pourra pas briguer un second mandat \u00e0 la t\u00eate de la Conf\u00e9d\u00e9ration africaine de football (Caf).Ahmad Ahmad n\u2019est pas sorti de l\u2019auberge. C\u2019est une douche froide pour le [&hellip;]<\/p>\n","protected":false},"author":1965,"featured_media":0,"comment_status":"closed","ping_status":"closed","sticky":false,"template":"","format":"standard","meta":{"fifu_image_url":"","fifu_image_alt":"","footnotes":""},"categories":[73,82],"tags":[],"class_list":["post-112839","post","type-post","status-publish","format-standard","hentry","category-actualite","category-cameroun"],"_links":{"self":[{"href":"https:\/\/linitiative.ca\/International\/wp-json\/wp\/v2\/posts\/112839","targetHints":{"allow":["GET"]}}],"collection":[{"href":"https:\/\/linitiative.ca\/International\/wp-json\/wp\/v2\/posts"}],"about":[{"href":"https:\/\/linitiative.ca\/International\/wp-json\/wp\/v2\/types\/post"}],"author":[{"embeddable":true,"href":"https:\/\/linitiative.ca\/International\/wp-json\/wp\/v2\/users\/1965"}],"replies":[{"embeddable":true,"href":"https:\/\/linitiative.ca\/International\/wp-json\/wp\/v2\/comments?post=112839"}],"version-history":[{"count":0,"href":"https:\/\/linitiative.ca\/International\/wp-json\/wp\/v2\/posts\/112839\/revisions"}],"wp:attachment":[{"href":"https:\/\/linitiative.ca\/International\/wp-json\/wp\/v2\/media?parent=112839"}],"wp:term":[{"taxonomy":"category","embeddable":true,"href":"https:\/\/linitiative.ca\/International\/wp-json\/wp\/v2\/categories?post=112839"},{"taxonomy":"post_tag","embeddable":true,"href":"https:\/\/linitiative.ca\/International\/wp-json\/wp\/v2\/tags?post=112839"}],"curies":[{"name":"wp","href":"https:\/\/api.w.org\/{rel}","templated":true}]}}