{"id":112841,"date":"2021-03-09T12:18:03","date_gmt":"2021-03-09T17:18:03","guid":{"rendered":"https:\/\/linitiative.ca\/International\/prix-ibrahim-mahamadou-issoufou-laureat-2020\/"},"modified":"2021-03-09T12:18:03","modified_gmt":"2021-03-09T17:18:03","slug":"prix-ibrahim-mahamadou-issoufou-laureat-2020","status":"publish","type":"post","link":"https:\/\/linitiative.ca\/International\/prix-ibrahim-mahamadou-issoufou-laureat-2020\/","title":{"rendered":"Prix Ibrahim : Mahamadou Issoufou laur\u00e9at 2020"},"content":{"rendered":"<div readability=\"32\">\n<p>Publi\u00e9 le 09.03.2021 \u00e0 18h18 par APA News<\/p>\n<\/div>\n<div readability=\"110\">\n<p>L\u2019ancien pr\u00e9sident du Niger (2011-2021) remporte cette distinction pour son \u00ab leadership exceptionnel et (son) respect pour la d\u00e9mocratie \u00bb.C\u2019est tout sauf une surprise. Le Prix Ibrahim 2020 pour un leadership d\u2019excellence en Afrique a \u00e9t\u00e9 d\u00e9cern\u00e9 au pr\u00e9sident du Niger, Mahamadou Issoufou (68 ans). \u00ab La Fondation Mo Ibrahim a annonc\u00e9 l\u2019attribution du prix \u00e0 l\u2019issue d\u2019une r\u00e9union de son Comit\u00e9 du Prix ind\u00e9pendant \u00bb, annonce un communiqu\u00e9 re\u00e7u ce mardi \u00e0 APA.<\/p>\n<p>Le sixi\u00e8me laur\u00e9at du Prix Ibrahim, souligne le document, \u00ab a effectu\u00e9 deux quinquennats pr\u00e9sidentiels \u00bb au Niger. M. Issoufou, contrairement certains chefs d\u2019Etat ouest-africains, n\u2019a pas brigu\u00e9 un troisi\u00e8me mandat.<\/p>\n<p>Selon le Comit\u00e9 du Prix, le pr\u00e9d\u00e9cesseur de Mohamed Bazoum a confort\u00e9, tout au long de la derni\u00e8re d\u00e9cennie, la croissance \u00e9conomique au b\u00e9n\u00e9fice de ses concitoyens, fait preuve d\u2019un engagement ind\u00e9fectible en faveur de la stabilit\u00e9 r\u00e9gionale et d\u00e9fendu sans rel\u00e2che le respect de la r\u00e8gle constitutionnelle et d\u00e9mocratique.<\/p>\n<p>Pour justifier le choix port\u00e9 sur l\u2019ancien pr\u00e9sident nig\u00e9rien, Festus Mogae, pr\u00e9sident du Comit\u00e9 du Prix Ibrahim, a d\u00e9clar\u00e9 : \u00ab Face aux probl\u00e8mes politiques et \u00e9conomiques les plus graves, notamment un extr\u00e9misme violent et une d\u00e9sertification croissante, M. Issoufou a su conduire ses concitoyens sur la voie du progr\u00e8s. Aujourd\u2019hui, le nombre de Nig\u00e9riens vivant sous le seuil de pauvret\u00e9 est tomb\u00e9 \u00e0 40 % contre 48 % il y a dix ans \u00bb.<\/p>\n<p>Dans son argumentaire, l\u2019ex-chef de l\u2019Etat du Botswana a indiqu\u00e9 que \u00ab les d\u00e9fis demeurent cons\u00e9quents, mais le pr\u00e9sident Issoufou a tenu ses engagements aupr\u00e8s du peuple nig\u00e9rien et leur a ouvert la voie d\u2019un avenir meilleur. Apr\u00e8s m\u00fbre r\u00e9flexion, le Comit\u00e9 a consid\u00e9r\u00e9 (qu\u2019il) est le digne laur\u00e9at 2020 du Prix Ibrahim \u00bb.<\/p>\n<p>Car au cours des dix ann\u00e9es de pr\u00e9sidence de Mahamadou Issoufou, soutient le Comit\u00e9 du Prix, le Niger a progress\u00e9 dans de nombreux domaines, notamment dans chacune des quatre dimensions de la cat\u00e9gorie D\u00e9veloppement humain- Sant\u00e9, Education, Protection sociale, Environnement. Poursuivant, le jury pr\u00e9cise que ce pays sah\u00e9lien \u00ab figure parmi les dix Etats africains qui ont r\u00e9alis\u00e9 les plus fortes progressions dans le renforcement des opportunit\u00e9s socio-\u00e9conomiques pour les femmes au cours de la d\u00e9cennie \u00e9coul\u00e9e \u00bb.<\/p>\n<p>Mo Ibrahim, pr\u00e9sident de la Fondation \u00e9ponyme, a rendu un vibrant hommage au laur\u00e9at de cette ann\u00e9e : \u00ab Le pr\u00e9sident Issoufou est un dirigeant exceptionnel qui a \u0153uvr\u00e9 sans rel\u00e2che pour son peuple, pour son pays et pour sa r\u00e9gion, en relevant des d\u00e9fis apparemment incommensurables avec courage et d\u00e9termination. J\u2019esp\u00e8re que son parcours inspirera de nombreuses g\u00e9n\u00e9rations de leaders africains \u00bb.<\/p>\n<p>Avant Mahamadou Issoufou, Ellen Johnson Sirleaf du Lib\u00e9ria (2017), Hifikepunye Pohamba de la Namibie (2014), Pedro Pires du Cabo Verde (2011), Festus Mogae du Botswana (2008) et Joaquim Chissano du Mozambique (2007) ont re\u00e7u ce prix dont l\u2019ic\u00f4ne Nelson Mandela a \u00e9t\u00e9 nomm\u00e9 le premier laur\u00e9at honoraire en 2007.<\/p>\n<p>Le Prix Ibrahim, dot\u00e9 d\u2019une enveloppe de 5 millions de dollars US vers\u00e9s sur dix ans, permet \u00e0 l\u2019Afrique de \u00ab continuer \u00e0 b\u00e9n\u00e9ficier de l\u2019exp\u00e9rience et de la sagesse de ses dirigeants d\u2019exception en donnant \u00e0 ces derniers l\u2019occasion de poursuivre une action citoyenne sur le continent une fois leur mandat national achev\u00e9 \u00bb.<\/p>\n<\/div>\n<p>Auteur: APA News<br \/>\n<a href=\"https:\/\/www.journalducameroun.com\/prix-ibrahim-mahamadou-issoufou-laureat-2020\/\">Cliquez ici pour lire l&rsquo;article depuis sa source.<\/a><\/p>\n","protected":false},"excerpt":{"rendered":"<p>Publi\u00e9 le 09.03.2021 \u00e0 18h18 par APA News L\u2019ancien pr\u00e9sident du Niger (2011-2021) remporte cette distinction pour son \u00ab leadership exceptionnel et (son) respect pour la d\u00e9mocratie \u00bb.C\u2019est tout sauf une surprise. Le Prix Ibrahim 2020 pour un leadership d\u2019excellence en Afrique a \u00e9t\u00e9 d\u00e9cern\u00e9 au pr\u00e9sident du Niger, Mahamadou Issoufou (68 ans). \u00ab La [&hellip;]<\/p>\n","protected":false},"author":1965,"featured_media":0,"comment_status":"closed","ping_status":"closed","sticky":false,"template":"","format":"standard","meta":{"fifu_image_url":"","fifu_image_alt":"","footnotes":""},"categories":[73,82],"tags":[],"class_list":["post-112841","post","type-post","status-publish","format-standard","hentry","category-actualite","category-cameroun"],"_links":{"self":[{"href":"https:\/\/linitiative.ca\/International\/wp-json\/wp\/v2\/posts\/112841","targetHints":{"allow":["GET"]}}],"collection":[{"href":"https:\/\/linitiative.ca\/International\/wp-json\/wp\/v2\/posts"}],"about":[{"href":"https:\/\/linitiative.ca\/International\/wp-json\/wp\/v2\/types\/post"}],"author":[{"embeddable":true,"href":"https:\/\/linitiative.ca\/International\/wp-json\/wp\/v2\/users\/1965"}],"replies":[{"embeddable":true,"href":"https:\/\/linitiative.ca\/International\/wp-json\/wp\/v2\/comments?post=112841"}],"version-history":[{"count":0,"href":"https:\/\/linitiative.ca\/International\/wp-json\/wp\/v2\/posts\/112841\/revisions"}],"wp:attachment":[{"href":"https:\/\/linitiative.ca\/International\/wp-json\/wp\/v2\/media?parent=112841"}],"wp:term":[{"taxonomy":"category","embeddable":true,"href":"https:\/\/linitiative.ca\/International\/wp-json\/wp\/v2\/categories?post=112841"},{"taxonomy":"post_tag","embeddable":true,"href":"https:\/\/linitiative.ca\/International\/wp-json\/wp\/v2\/tags?post=112841"}],"curies":[{"name":"wp","href":"https:\/\/api.w.org\/{rel}","templated":true}]}}