{"id":112842,"date":"2021-03-09T17:18:02","date_gmt":"2021-03-09T22:18:02","guid":{"rendered":"https:\/\/linitiative.ca\/International\/une-fausse-alerte-a-la-bombe-seme-la-panique-a-abidjan\/"},"modified":"2021-03-09T17:18:02","modified_gmt":"2021-03-09T22:18:02","slug":"une-fausse-alerte-a-la-bombe-seme-la-panique-a-abidjan","status":"publish","type":"post","link":"https:\/\/linitiative.ca\/International\/une-fausse-alerte-a-la-bombe-seme-la-panique-a-abidjan\/","title":{"rendered":"Une fausse alerte \u00e0 la bombe s\u00e8me la panique \u00e0 Abidjan"},"content":{"rendered":"<div readability=\"32\">\n<p>Publi\u00e9 le 09.03.2021 \u00e0 23h18 par APA News<\/p>\n<\/div>\n<div readability=\"54\">\n<p>Une fausse alerte \u00e0 la bombe a sem\u00e9, mardi, la panique \u00e0 la Cit\u00e9 administrative du Plateau, le quartier administratif et des affaires de la capitale \u00e9conomique ivoirienne.<\/p>\n<p>Des informations persistantes faisant \u00e9tat dans l\u2019apr\u00e8s-midi, de la d\u00e9couverte d\u2019une bombe \u00e0 la Tour D, ont cr\u00e9\u00e9 la panique au sein \u00a0de la Cit\u00e9 administrative o\u00f9 des plusieurs unit\u00e9s des forces de l\u2019ordre ont \u00e9t\u00e9 d\u00e9ploy\u00e9es, notamment des unit\u00e9s sp\u00e9cialis\u00e9es dans le d\u00e9minage. \u00a0<\/p>\n<p>\u00ab Apr\u00e8s v\u00e9rification, nous nous sommes rendus compte que c\u2019est une fausse alerte \u00e0 la bombe \u00bb, a d\u00e9clar\u00e9 \u00e0 APA un agent des forces de l\u2019ordre, mais, a-t-il pr\u00e9cis\u00e9, \u00abpar mesure de prudence, nous avons \u00e9vacu\u00e9 les occupants de la Tour\u00bb.<\/p>\n<\/div>\n<p>Auteur: APA News<br \/>\n<a href=\"https:\/\/www.journalducameroun.com\/une-fausse-alerte-a-la-bombe-seme-la-panique-a-abidjan\/\">Cliquez ici pour lire l&rsquo;article depuis sa source.<\/a><\/p>\n","protected":false},"excerpt":{"rendered":"<p>Publi\u00e9 le 09.03.2021 \u00e0 23h18 par APA News Une fausse alerte \u00e0 la bombe a sem\u00e9, mardi, la panique \u00e0 la Cit\u00e9 administrative du Plateau, le quartier administratif et des affaires de la capitale \u00e9conomique ivoirienne. Des informations persistantes faisant \u00e9tat dans l\u2019apr\u00e8s-midi, de la d\u00e9couverte d\u2019une bombe \u00e0 la Tour D, ont cr\u00e9\u00e9 la [&hellip;]<\/p>\n","protected":false},"author":1965,"featured_media":0,"comment_status":"closed","ping_status":"closed","sticky":false,"template":"","format":"standard","meta":{"fifu_image_url":"","fifu_image_alt":"","footnotes":""},"categories":[73,82],"tags":[],"class_list":["post-112842","post","type-post","status-publish","format-standard","hentry","category-actualite","category-cameroun"],"_links":{"self":[{"href":"https:\/\/linitiative.ca\/International\/wp-json\/wp\/v2\/posts\/112842","targetHints":{"allow":["GET"]}}],"collection":[{"href":"https:\/\/linitiative.ca\/International\/wp-json\/wp\/v2\/posts"}],"about":[{"href":"https:\/\/linitiative.ca\/International\/wp-json\/wp\/v2\/types\/post"}],"author":[{"embeddable":true,"href":"https:\/\/linitiative.ca\/International\/wp-json\/wp\/v2\/users\/1965"}],"replies":[{"embeddable":true,"href":"https:\/\/linitiative.ca\/International\/wp-json\/wp\/v2\/comments?post=112842"}],"version-history":[{"count":0,"href":"https:\/\/linitiative.ca\/International\/wp-json\/wp\/v2\/posts\/112842\/revisions"}],"wp:attachment":[{"href":"https:\/\/linitiative.ca\/International\/wp-json\/wp\/v2\/media?parent=112842"}],"wp:term":[{"taxonomy":"category","embeddable":true,"href":"https:\/\/linitiative.ca\/International\/wp-json\/wp\/v2\/categories?post=112842"},{"taxonomy":"post_tag","embeddable":true,"href":"https:\/\/linitiative.ca\/International\/wp-json\/wp\/v2\/tags?post=112842"}],"curies":[{"name":"wp","href":"https:\/\/api.w.org\/{rel}","templated":true}]}}