{"id":112844,"date":"2021-03-09T04:49:19","date_gmt":"2021-03-09T09:49:19","guid":{"rendered":"https:\/\/linitiative.ca\/International\/la-crtv-va-depenser-112-millions-de-f-pour-lentretien-et-le-nettoyage-de-ses-locaux-a-travers-le-pays\/"},"modified":"2021-03-09T04:49:19","modified_gmt":"2021-03-09T09:49:19","slug":"la-crtv-va-depenser-112-millions-de-f-pour-lentretien-et-le-nettoyage-de-ses-locaux-a-travers-le-pays","status":"publish","type":"post","link":"https:\/\/linitiative.ca\/International\/la-crtv-va-depenser-112-millions-de-f-pour-lentretien-et-le-nettoyage-de-ses-locaux-a-travers-le-pays\/","title":{"rendered":"La CRTV va d\u00e9penser 112 millions de F pour l\u2019entretien et le nettoyage de ses locaux \u00e0 travers le pays"},"content":{"rendered":"<p>Dans l\u2019\u00e9dition du quotidien \u00e0 capitaux publics\u00a0Cameroon Tribune\u00a0de ce lundi 8 mars 2021, la Cameroon Radio Television (Crtv) a lanc\u00e9 un appel d\u2019offres national en proc\u00e9dure d\u2019urgence, en vue du recrutement d\u2019une ou plusieurs entreprises sp\u00e9cialis\u00e9es dans le domaine de l\u2019entretien et du nettoyage, pour proc\u00e9der \u00e0 l\u2019entretien et le nettoyage de ses locaux dans les dix r\u00e9gions du pays. La prestation co\u00fbtera 112,890 millions de Fcfa et concerne les locaux des structures centrales du m\u00e9dia d\u2019Etat, en l\u2019occurrence le centre de production TV de Mballa II, le si\u00e8ge du poste national \u00e0 Nlongkak, l\u2019Institut de Formation et de Conservation du Patrimoine Audiovisuel (IFCPA) d\u2019Ekounou, et l\u2019ensemble de ses stations r\u00e9gionales.<\/p>\n<p><strong>Lire aussi<\/strong> : <a href=\"https:\/\/ecomatin.net\/le-chiffre-daffaires-de-la-crtv-augmente-de-13-en-2019\/\">Le chiffre d\u2019affaires de la CRTV augmente de 13% en 2019<\/a><\/p>\n<p>Les prestations dues \u00e0 ce march\u00e9 sont subdivis\u00e9es en sept lots, et le lot le plus important concerne le Centre de production TV de Mballa II, dont le co\u00fbt pr\u00e9visionnel est d\u2019un peu plus de 30 millions de FCFA, ensuite des locaux du poste national sis au quartier Nlongkak, d\u2019un peu plus de 21,7 millions de FCFA\u00a0; le lot 3, concerne l\u2019entretien et le nettoyage de l\u2019Institut de Formation et de Conservation du Patrimoine Audiovisuel (IFCPA) d\u2019Ekounou \u00e0 hauteur de 11 millions\u00a0; les stations r\u00e9gionales Crtv Littoral et Crtv Sud-Ouest, constituent le lot 4 d\u2019un montant de 12,5 millions de FCFA\u00a0; toutes les stations r\u00e9gionales du Grand-Nord (Adamaoua, Nord et Extr\u00eame-Nord) repr\u00e9sentent le lot 5 avec un peu plus de 16 millions de FCFA\u00a0; les stations de l\u2019Ouest et du Nord-Ouest sont le lot 6 pour 10 millions, tout comme le lot 7 des stations r\u00e9gionales de l\u2019Est et du Sud.<\/p>\n<p><strong>Lire aussi<\/strong> : <a href=\"https:\/\/ecomatin.net\/chan-2020-la-crtv-revendique-ses-droits-de-diffusion\/\">Chan 2020 : la Crtv revendique ses droits de diffusion<\/a><\/p>\n<p>La dur\u00e9e d\u00e9di\u00e9e \u00e0 la r\u00e9alisation de ces prestations est de neuf mois, et s\u2019\u00e9tend du 1<sup>er<\/sup>\u00a0avril au 31 d\u00e9cembre 2021. Le ma\u00eetre d\u2019ouvrage qui est la Crtv pr\u00e9cise \u00e0 l\u2019attention des entreprises soumissionnaires qu\u2019elles ont jusqu\u2019au 2 avril 2021 pour d\u00e9poser leurs Dossiers d\u2019Appels d\u2019Offre (Dao) \u00e0 la Direction Administrative et Financi\u00e8re, et\u00a0\u00a0surtout qu\u2019un candidat peut \u00eatre attributaire de tous les lots.<\/p>\n<p>L\u2019initiative d\u2019entretien et de nettoyage des locaux de la Crtv participe du d\u00e9poussi\u00e9rage\u00a0\u00a0de ses installations qui ont pour la plupart pris un coup de vieux, mais aussi de l\u2019am\u00e9lioration du cadre de travail. Dans la m\u00eame veine, son Directeur g\u00e9n\u00e9ral, Charles Ndongo, a \u00e9galement lanc\u00e9 le 2 mars dernier un avis de consultation pour une demande de cotation en vue de l\u2019am\u00e9nagement de la principale de salle de conf\u00e9rence de la maison de la radio, pour un montant pr\u00e9visionnel de 25 millions de FCFA. Ces diff\u00e9rentes op\u00e9rations sont financ\u00e9es par le budget de la Crtv pour le compte de l\u2019exercice 2021, lequel s\u2019\u00e9l\u00e8ve \u00e0 pr\u00e8s de 28 milliards de FCFA.<\/p>\n<p><strong>Lire aussi<\/strong> : <a href=\"https:\/\/ecomatin.net\/la-cameroun-radio-television-adopte-un-budget-de-28-milliards-de-fcfa-pour-2021\/\">La Crtv adopte un budget de 28 milliards de Fcfa pour 2021<\/a><\/p>\n<p>Auteur: Yannick KENNE<br \/>\n<a href=\"https:\/\/ecomatin.net\/la-crtv-va-depenser-112-millions-de-f-pour-lentretien-et-le-nettoyage-de-ses-locaux-a-travers-le-pays\/\">Cliquez ici pour lire l&rsquo;article depuis sa source.<\/a><\/p>\n","protected":false},"excerpt":{"rendered":"<p>Dans l\u2019\u00e9dition du quotidien \u00e0 capitaux publics\u00a0Cameroon Tribune\u00a0de ce lundi 8 mars 2021, la Cameroon Radio Television (Crtv) a lanc\u00e9 un appel d\u2019offres national en proc\u00e9dure d\u2019urgence, en vue du recrutement d\u2019une ou plusieurs entreprises sp\u00e9cialis\u00e9es dans le domaine de l\u2019entretien et du nettoyage, pour proc\u00e9der \u00e0 l\u2019entretien et le nettoyage de ses locaux dans [&hellip;]<\/p>\n","protected":false},"author":1969,"featured_media":0,"comment_status":"closed","ping_status":"closed","sticky":false,"template":"","format":"standard","meta":{"fifu_image_url":"","fifu_image_alt":"","footnotes":""},"categories":[82,78],"tags":[],"class_list":["post-112844","post","type-post","status-publish","format-standard","hentry","category-cameroun","category-economie"],"_links":{"self":[{"href":"https:\/\/linitiative.ca\/International\/wp-json\/wp\/v2\/posts\/112844","targetHints":{"allow":["GET"]}}],"collection":[{"href":"https:\/\/linitiative.ca\/International\/wp-json\/wp\/v2\/posts"}],"about":[{"href":"https:\/\/linitiative.ca\/International\/wp-json\/wp\/v2\/types\/post"}],"author":[{"embeddable":true,"href":"https:\/\/linitiative.ca\/International\/wp-json\/wp\/v2\/users\/1969"}],"replies":[{"embeddable":true,"href":"https:\/\/linitiative.ca\/International\/wp-json\/wp\/v2\/comments?post=112844"}],"version-history":[{"count":0,"href":"https:\/\/linitiative.ca\/International\/wp-json\/wp\/v2\/posts\/112844\/revisions"}],"wp:attachment":[{"href":"https:\/\/linitiative.ca\/International\/wp-json\/wp\/v2\/media?parent=112844"}],"wp:term":[{"taxonomy":"category","embeddable":true,"href":"https:\/\/linitiative.ca\/International\/wp-json\/wp\/v2\/categories?post=112844"},{"taxonomy":"post_tag","embeddable":true,"href":"https:\/\/linitiative.ca\/International\/wp-json\/wp\/v2\/tags?post=112844"}],"curies":[{"name":"wp","href":"https:\/\/api.w.org\/{rel}","templated":true}]}}