{"id":112851,"date":"2021-03-10T11:13:40","date_gmt":"2021-03-10T16:13:40","guid":{"rendered":"https:\/\/linitiative.ca\/International\/energie-le-maroc-designe-champion-mondial-par-lonu\/"},"modified":"2021-03-10T11:13:40","modified_gmt":"2021-03-10T16:13:40","slug":"energie-le-maroc-designe-champion-mondial-par-lonu","status":"publish","type":"post","link":"https:\/\/linitiative.ca\/International\/energie-le-maroc-designe-champion-mondial-par-lonu\/","title":{"rendered":"\u00c9nergie: le Maroc d\u00e9sign\u00e9 champion mondial par l\u2019ONU"},"content":{"rendered":"<figure class=\"post-thumbnail\" itemprop=\"associatedMedia\" itemscope=\"itemscope\" itemtype=\"http:\/\/schema.org\/ImageObject\"><img decoding=\"async\" class=\"post_layout_5_img\" src=\"http:\/\/aujourdhui.ma\/wp-content\/uploads\/2020\/06\/\u00c9nergie-solaire.jpg\" alt=\"\u00c9nergie: le Maroc d\u00e9sign\u00e9 champion mondial par l\u2019ONU\"\/><\/figure>\n<p><span class=\"c5\"><strong>Nouvelle cons\u00e9cration pour la politique volontariste du Maroc dans le domaine de l\u2019\u00e9nergie.<\/strong><\/span><span id=\"more-370701\"\/><\/p>\n<p>Le Royaume vient d\u2019\u00eatre d\u00e9sign\u00e9 \u00ab champion de haut niveau du dialogue \u00bb sur la th\u00e9matique \u00ab innovation, technologie et donn\u00e9es \u00bb par l\u2019ONU. Pour les responsables, il s\u2019agit d\u2019une distinction qui r\u00e9compense les efforts du Maroc, sur la base de la vision \u00e9clair\u00e9e de Sa Majest\u00e9 le Roi Mohamed VI, pour le d\u00e9veloppement de projets renouvelables int\u00e9gr\u00e9s et innovants, dans l\u2019objectif de d\u00e9passer 52% de sources renouvelables, dans le mix \u00e9lectrique national \u00e0 horizon 2030.<br \/>Il faut pr\u00e9ciser que M. Mustapha Bakkoury, Pr\u00e9sident de Masen, a repr\u00e9sent\u00e9 le Maroc lors du lancement virtuel du Dialogue de Haut Niveau sur l\u2019Energie, premi\u00e8re rencontre mondiale sur l\u2019\u00e9nergie sous les auspices de l\u2019Assembl\u00e9e G\u00e9n\u00e9rale des Nations Unies depuis 1981.<\/p>\n<p>Ce dialogue vise \u00e0 acc\u00e9l\u00e9rer la r\u00e9alisation de l\u2019Objectif de D\u00e9veloppement Durable 7 ( i.e garantir l\u2019acc\u00e8s de tous \u00e0 des services \u00e9nerg\u00e9tiques fiables, durables et modernes, \u00e0 un co\u00fbt abordable) et \u00e0 faciliter l\u2019atteinte des objectifs climatiques de l\u2019Accord de Paris.<\/p>\n<p>En tant que champion mondial sur la th\u00e9matique \u00ab innovation, technologie et donn\u00e9es \u00bb, le Maroc aura pour r\u00f4le de :<br \/>\u2013 Mener un plaidoyer mondial en faveur de la th\u00e9matique innovation, technologie et donn\u00e9es ;<br \/>\u2013 Mobiliser les pactes \u00e9nerg\u00e9tiques nationaux, en pr\u00e9sentant un ensemble d\u2019actions concr\u00e8tes pour atteindre l\u2019objectif de d\u00e9veloppement durable n\u00b07 et les objectifs climatiques de l\u2019accord de Paris ;<br \/>\u2013 Mener des actions de sensibilisation pour promouvoir le Dialogue de Haut Niveau sur l\u2019\u00e9nergie ;<br \/>\u2013 Fournir des conseils strat\u00e9giques au groupe de travail technique.<\/p>\n<p>A la lumi\u00e8re de cette nomination, M. Mustapha Bakkoury, Pr\u00e9sident de Masen, a d\u00e9clar\u00e9<br \/>\u00ab La vision de Sa Majest\u00e9 qui a fa\u00e7onn\u00e9 les r\u00e9alisations du Royaume dans le domaine des \u00e9nergies renouvelables, et qui a inspir\u00e9 la dynamique internationale depuis la tenue de la COP22 \u00e0 Marrakech, est couronn\u00e9e par cette nouvelle marque de confiance des Nations Unis, d\u00e9signant le Maroc comme champion mondial du dialogue onusien de haut niveau sur l\u2019\u00e9nergie. Cette mission strat\u00e9gique permettra de continuer \u00e0 plaider la cause des Objectifs de D\u00e9veloppement Durable au niveau mondial, et d\u2019acc\u00e9l\u00e9rer son impl\u00e9mentation. \u00bb.<\/p>\n<p>Outre cette s\u00e9lection, Masen avait \u00e9t\u00e9 laur\u00e9at, en 2016, du prestigieux prix environnemental des Nations Unies \u00ab prix des Champions de la Terre \u00bb dans la cat\u00e9gorie vision entrepreneuriale. Le Groupe est par ailleurs fortement impliqu\u00e9 dans le projet de Coalition, lanc\u00e9 par le Maroc et l\u2019Ethiopie, pour l\u2019Acc\u00e8s Durable \u00e0 l\u2019Energie au profit des populations vuln\u00e9rables situ\u00e9s dans les Pays les Moins Avanc\u00e9s (PMA) et autres pays en d\u00e9veloppement (ODCs).<\/p>\n<p>Auteur: ALM<br \/>\n<a href=\"https:\/\/aujourdhui.ma\/economie\/energie-le-maroc-designe-champion-mondial-par-lonu\">Cliquez ici pour lire l&rsquo;article depuis sa source.<\/a><\/p>\n","protected":false},"excerpt":{"rendered":"<p>Nouvelle cons\u00e9cration pour la politique volontariste du Maroc dans le domaine de l\u2019\u00e9nergie. Le Royaume vient d\u2019\u00eatre d\u00e9sign\u00e9 \u00ab champion de haut niveau du dialogue \u00bb sur la th\u00e9matique \u00ab innovation, technologie et donn\u00e9es \u00bb par l\u2019ONU. Pour les responsables, il s\u2019agit d\u2019une distinction qui r\u00e9compense les efforts du Maroc, sur la base de la [&hellip;]<\/p>\n","protected":false},"author":1759,"featured_media":0,"comment_status":"closed","ping_status":"closed","sticky":false,"template":"","format":"standard","meta":{"fifu_image_url":"http:\/\/aujourdhui.ma\/wp-content\/uploads\/2020\/06\/\u00c9nergie-solaire.jpg","fifu_image_alt":"\u00c9nergie: le Maroc d\u00e9sign\u00e9 champion mondial par l\u2019ONU","footnotes":""},"categories":[73,54],"tags":[],"class_list":["post-112851","post","type-post","status-publish","format-standard","hentry","category-actualite","category-maroc"],"_links":{"self":[{"href":"https:\/\/linitiative.ca\/International\/wp-json\/wp\/v2\/posts\/112851","targetHints":{"allow":["GET"]}}],"collection":[{"href":"https:\/\/linitiative.ca\/International\/wp-json\/wp\/v2\/posts"}],"about":[{"href":"https:\/\/linitiative.ca\/International\/wp-json\/wp\/v2\/types\/post"}],"author":[{"embeddable":true,"href":"https:\/\/linitiative.ca\/International\/wp-json\/wp\/v2\/users\/1759"}],"replies":[{"embeddable":true,"href":"https:\/\/linitiative.ca\/International\/wp-json\/wp\/v2\/comments?post=112851"}],"version-history":[{"count":0,"href":"https:\/\/linitiative.ca\/International\/wp-json\/wp\/v2\/posts\/112851\/revisions"}],"wp:attachment":[{"href":"https:\/\/linitiative.ca\/International\/wp-json\/wp\/v2\/media?parent=112851"}],"wp:term":[{"taxonomy":"category","embeddable":true,"href":"https:\/\/linitiative.ca\/International\/wp-json\/wp\/v2\/categories?post=112851"},{"taxonomy":"post_tag","embeddable":true,"href":"https:\/\/linitiative.ca\/International\/wp-json\/wp\/v2\/tags?post=112851"}],"curies":[{"name":"wp","href":"https:\/\/api.w.org\/{rel}","templated":true}]}}